{"id":12006,"date":"2023-07-17T06:39:32","date_gmt":"2023-07-17T04:39:32","guid":{"rendered":"https:\/\/www.claus-von-stauffenberg-schule.de\/?p=12006"},"modified":"2023-07-17T06:44:40","modified_gmt":"2023-07-17T04:44:40","slug":"vier-mal-bestnote-10-und-viel-applaus","status":"publish","type":"post","link":"https:\/\/www.claus-von-stauffenberg-schule.de\/?p=12006","title":{"rendered":"Vier Mal Bestnote 1,0 und viel Applaus"},"content":{"rendered":"\n<p>Fast jeder dritte Absolvent schafft die 1 vorm Komma, vier sogar die Bestnote 1,0. Schulleiterin Dagmar Emmerich zeigt sich zu Beginn ihrer im Dialog mit ihrem Stellvertretenden Schulleiter Alexander Schulte-Sasse vorgetragenen Rede \u00e4u\u00dferst zufrieden mit dem aktuellen Abi-Jahrgang. Unter schwierigen Bedingungen im von Corona gezeichneten Sommer 2020 gestartet, erhielten nun 172 Sch\u00fclerinnen und Sch\u00fcler der Claus-von-Stauffenberg-Schule (Rodgau) in der vollbesetzten und gut klimatisierten Veranstaltungshalle am Heusenstammer Martinsee ihr Abiturzeugnis. \u201eABI real\u201c lautet das diesj\u00e4hrige Abi-Motto. Es steht nicht nur daf\u00fcr, dass das Abitur nun Realit\u00e4t geworden ist, sondern lehnt sich an den Titel der franz\u00f6sischen Social-Media-Plattform \u201eBeReal\u201c an. \u201eSei authentisch\u201c greift Alexander Schulte-Sasse dann auch eine der grundlegenden \u00dcberzeugungen der BeReal-Philosophie auf und betont, wie wichtig es ist, auch selber authentisch zu sein. Das eigene K\u00f6nnen pr\u00e4sentieren, seine St\u00e4rken kennen, aber auch zu seinen eigenen Grenzen stehen. Schulleiterin Dagmar Emmerich zitiert mit \u201eEs gibt eine Menge coole Dinge, die wir erschaffen wollen\u201c einen weiteren Slogan, der der Social-Media-Plattform zugeschrieben wird, und betont: \u201eWir erfinden hier zwar keine coolen Dinge, aber coole Menschen entwickeln sich an unserer Schule.\u201c Einige von ihnen werden f\u00fcr ihre herausragenden Leistungen in Mathematik und den Naturwissenschaften geehrt und mit Mitgliedschaften in Fachverb\u00e4nden und Buchpreisen ausgestattet, aber auch die an der Schule ausgebildeten Rettungssanit\u00e4ter und das Schulsprecherteam erhalten ihre besondere W\u00fcrdigung auf der B\u00fchne.<\/p>\n\n\n\n<figure class=\"wp-block-gallery has-nested-images columns-default is-cropped wp-block-gallery-1 is-layout-flex wp-block-gallery-is-layout-flex\">\n<figure class=\"wp-block-image size-large\"><a href=\"https:\/\/www.claus-von-stauffenberg-schule.de\/wp-content\/uploads\/2023\/07\/P1010729-2-scaled.jpg\"><img loading=\"lazy\" decoding=\"async\" width=\"1024\" height=\"769\" data-id=\"12007\" src=\"https:\/\/www.claus-von-stauffenberg-schule.de\/wp-content\/uploads\/2023\/07\/P1010729-2-1024x769.jpg\" alt=\"\" class=\"wp-image-12007\" srcset=\"https:\/\/www.claus-von-stauffenberg-schule.de\/wp-content\/uploads\/2023\/07\/P1010729-2-1024x769.jpg 1024w, https:\/\/www.claus-von-stauffenberg-schule.de\/wp-content\/uploads\/2023\/07\/P1010729-2-300x225.jpg 300w, https:\/\/www.claus-von-stauffenberg-schule.de\/wp-content\/uploads\/2023\/07\/P1010729-2-768x577.jpg 768w, https:\/\/www.claus-von-stauffenberg-schule.de\/wp-content\/uploads\/2023\/07\/P1010729-2-1536x1153.jpg 1536w, https:\/\/www.claus-von-stauffenberg-schule.de\/wp-content\/uploads\/2023\/07\/P1010729-2-2048x1538.jpg 2048w\" sizes=\"auto, (max-width: 1024px) 100vw, 1024px\" \/><\/a><\/figure>\n\n\n\n<figure class=\"wp-block-image size-large\"><a href=\"https:\/\/www.claus-von-stauffenberg-schule.de\/wp-content\/uploads\/2023\/07\/P1010649-2-scaled.jpg\"><img loading=\"lazy\" decoding=\"async\" width=\"769\" height=\"1024\" data-id=\"12010\" src=\"https:\/\/www.claus-von-stauffenberg-schule.de\/wp-content\/uploads\/2023\/07\/P1010649-2-769x1024.jpg\" alt=\"\" class=\"wp-image-12010\" srcset=\"https:\/\/www.claus-von-stauffenberg-schule.de\/wp-content\/uploads\/2023\/07\/P1010649-2-769x1024.jpg 769w, https:\/\/www.claus-von-stauffenberg-schule.de\/wp-content\/uploads\/2023\/07\/P1010649-2-225x300.jpg 225w, https:\/\/www.claus-von-stauffenberg-schule.de\/wp-content\/uploads\/2023\/07\/P1010649-2-768x1023.jpg 768w, https:\/\/www.claus-von-stauffenberg-schule.de\/wp-content\/uploads\/2023\/07\/P1010649-2-1153x1536.jpg 1153w, https:\/\/www.claus-von-stauffenberg-schule.de\/wp-content\/uploads\/2023\/07\/P1010649-2-1537x2048.jpg 1537w, https:\/\/www.claus-von-stauffenberg-schule.de\/wp-content\/uploads\/2023\/07\/P1010649-2-scaled.jpg 1922w\" sizes=\"auto, (max-width: 769px) 100vw, 769px\" \/><\/a><\/figure>\n\n\n\n<figure class=\"wp-block-image size-large\"><a href=\"https:\/\/www.claus-von-stauffenberg-schule.de\/wp-content\/uploads\/2023\/07\/P1010641-2-scaled.jpg\"><img loading=\"lazy\" decoding=\"async\" width=\"1024\" height=\"769\" data-id=\"12009\" src=\"https:\/\/www.claus-von-stauffenberg-schule.de\/wp-content\/uploads\/2023\/07\/P1010641-2-1024x769.jpg\" alt=\"\" class=\"wp-image-12009\" srcset=\"https:\/\/www.claus-von-stauffenberg-schule.de\/wp-content\/uploads\/2023\/07\/P1010641-2-1024x769.jpg 1024w, https:\/\/www.claus-von-stauffenberg-schule.de\/wp-content\/uploads\/2023\/07\/P1010641-2-300x225.jpg 300w, https:\/\/www.claus-von-stauffenberg-schule.de\/wp-content\/uploads\/2023\/07\/P1010641-2-768x576.jpg 768w, https:\/\/www.claus-von-stauffenberg-schule.de\/wp-content\/uploads\/2023\/07\/P1010641-2-1536x1153.jpg 1536w, https:\/\/www.claus-von-stauffenberg-schule.de\/wp-content\/uploads\/2023\/07\/P1010641-2-2048x1537.jpg 2048w\" sizes=\"auto, (max-width: 1024px) 100vw, 1024px\" \/><\/a><\/figure>\n\n\n\n<figure class=\"wp-block-image size-large\"><a href=\"https:\/\/www.claus-von-stauffenberg-schule.de\/wp-content\/uploads\/2023\/07\/P1010693-2-scaled.jpg\"><img loading=\"lazy\" decoding=\"async\" width=\"1024\" height=\"576\" data-id=\"12008\" src=\"https:\/\/www.claus-von-stauffenberg-schule.de\/wp-content\/uploads\/2023\/07\/P1010693-2-1024x576.jpg\" alt=\"\" class=\"wp-image-12008\" srcset=\"https:\/\/www.claus-von-stauffenberg-schule.de\/wp-content\/uploads\/2023\/07\/P1010693-2-1024x576.jpg 1024w, https:\/\/www.claus-von-stauffenberg-schule.de\/wp-content\/uploads\/2023\/07\/P1010693-2-300x169.jpg 300w, https:\/\/www.claus-von-stauffenberg-schule.de\/wp-content\/uploads\/2023\/07\/P1010693-2-768x432.jpg 768w, https:\/\/www.claus-von-stauffenberg-schule.de\/wp-content\/uploads\/2023\/07\/P1010693-2-1536x864.jpg 1536w, https:\/\/www.claus-von-stauffenberg-schule.de\/wp-content\/uploads\/2023\/07\/P1010693-2-2048x1152.jpg 2048w\" sizes=\"auto, (max-width: 1024px) 100vw, 1024px\" \/><\/a><\/figure>\n<\/figure>\n\n\n\n<p><a><\/a> Niklas Staub, der vor einigen Jahren noch selber f\u00fcr sein Engagement als Schulsprecher geehrt wurde, ist nun Vorsitzender des F\u00f6rdervereins der Schule. In seiner Rede gratuliert er den Abiturientinnen und Abiturienten zu ihrem bestandenen Abitur und wirbt daf\u00fcr, auch \u00fcber die Schulzeit hinaus mit der Claus-von-Stauffenberg-Schule verbunden zu bleiben. Den letzten l\u00e4ngeren Redepart der Akademischen Feier haben dann traditionell die Jahrgangssprecher des Abitur-Jahrgangs. Juri Weirich als Teil des dreik\u00f6pfigen Teams er\u00f6ffnet die Abi-Rede der Sch\u00fclerinnen und Sch\u00fcler mit einem Dank an die Eltern, an ihr Mitfiebern und die zahlreichen, nicht immer ganz so erfolgreichen Versuche, ihre Sch\u00fctzlinge bei den Hausaufgaben zu unterst\u00fctzen. Der Schulleitung dankt er f\u00fcr das Aufstellen eines Kaffeeautomaten f\u00fcr die Sch\u00fclerschaft und den Lehrkr\u00e4ften f\u00fcr so manche seelsorgerische Unterst\u00fctzung. In einem humorvollen R\u00fcckblick folgt ein Schnelldurchlauf der zur\u00fcckliegenden Schullaufbahn und mit einem Augenzwinkern wird angemerkt, dass die Coronalockdowns nicht nur schlecht waren. Man konnte schlie\u00dflich so manche Unterrichtsstunde noch im Bett liegend verbringen und wenn der Lehrer etwas von einem wissen wollte, beklagte man einen Abbruch der eigenen Internetverbindung, eine Ausrede, die im normalen Schulalltag nicht m\u00f6glich ist. Abschlie\u00dfend gratulieren die drei \u201ejeder einzelnen Sch\u00fclerin und jedem einzelnen Sch\u00fcler zum Abitur\u201c und beenden ihre Rede mit dem Goethezitat \u201eWer nicht neugierig ist, erf\u00e4hrt nichts.\u201c Begleitet vom Applaus der Anwesenden werden am Ende der Akademischen Feier und vor Beginn des Abi-Balls an gleicher Stelle die Abi-Zeugnisse \u00fcberreicht.<\/p>\n","protected":false},"excerpt":{"rendered":"<p>Fast jeder dritte Absolvent schafft die 1 vorm Komma, vier sogar die Bestnote 1,0. Schulleiterin Dagmar Emmerich zeigt sich zu Beginn ihrer im Dialog mit ihrem Stellvertretenden Schulleiter Alexander Schulte-Sasse vorgetragenen Rede \u00e4u\u00dferst zufrieden mit dem aktuellen Abi-Jahrgang. Unter schwierigen Bedingungen im von Corona gezeichneten Sommer 2020 gestartet, erhielten nun [&hellip;]<\/p>\n","protected":false},"author":1,"featured_media":12013,"comment_status":"closed","ping_status":"closed","sticky":false,"template":"","format":"standard","meta":{"ngg_post_thumbnail":0,"_themeisle_gutenberg_block_has_review":false,"footnotes":""},"categories":[326,1,281],"tags":[58],"ppma_author":[513],"class_list":["post-12006","post","type-post","status-publish","format-standard","has-post-thumbnail","hentry","category-aktuell","category-allgemein","category-events","tag-abitur"],"authors":[{"term_id":513,"user_id":1,"is_guest":0,"slug":"admin","display_name":"Kai Springer","avatar_url":"https:\/\/secure.gravatar.com\/avatar\/9375e51d661fb9d64390a53e78b9cac508189aeb1cbe9800994d8e4773d075b5?s=96&d=mm&r=g","0":null,"1":"","2":"","3":"","4":"","5":"","6":"","7":"","8":""}],"_links":{"self":[{"href":"https:\/\/www.claus-von-stauffenberg-schule.de\/index.php?rest_route=\/wp\/v2\/posts\/12006","targetHints":{"allow":["GET"]}}],"collection":[{"href":"https:\/\/www.claus-von-stauffenberg-schule.de\/index.php?rest_route=\/wp\/v2\/posts"}],"about":[{"href":"https:\/\/www.claus-von-stauffenberg-schule.de\/index.php?rest_route=\/wp\/v2\/types\/post"}],"author":[{"embeddable":true,"href":"https:\/\/www.claus-von-stauffenberg-schule.de\/index.php?rest_route=\/wp\/v2\/users\/1"}],"replies":[{"embeddable":true,"href":"https:\/\/www.claus-von-stauffenberg-schule.de\/index.php?rest_route=%2Fwp%2Fv2%2Fcomments&post=12006"}],"version-history":[{"count":1,"href":"https:\/\/www.claus-von-stauffenberg-schule.de\/index.php?rest_route=\/wp\/v2\/posts\/12006\/revisions"}],"predecessor-version":[{"id":12011,"href":"https:\/\/www.claus-von-stauffenberg-schule.de\/index.php?rest_route=\/wp\/v2\/posts\/12006\/revisions\/12011"}],"wp:featuredmedia":[{"embeddable":true,"href":"https:\/\/www.claus-von-stauffenberg-schule.de\/index.php?rest_route=\/wp\/v2\/media\/12013"}],"wp:attachment":[{"href":"https:\/\/www.claus-von-stauffenberg-schule.de\/index.php?rest_route=%2Fwp%2Fv2%2Fmedia&parent=12006"}],"wp:term":[{"taxonomy":"category","embeddable":true,"href":"https:\/\/www.claus-von-stauffenberg-schule.de\/index.php?rest_route=%2Fwp%2Fv2%2Fcategories&post=12006"},{"taxonomy":"post_tag","embeddable":true,"href":"https:\/\/www.claus-von-stauffenberg-schule.de\/index.php?rest_route=%2Fwp%2Fv2%2Ftags&post=12006"},{"taxonomy":"author","embeddable":true,"href":"https:\/\/www.claus-von-stauffenberg-schule.de\/index.php?rest_route=%2Fwp%2Fv2%2Fppma_author&post=12006"}],"curies":[{"name":"wp","href":"https:\/\/api.w.org\/{rel}","templated":true}]}}