{"id":12341,"date":"2023-12-14T13:29:30","date_gmt":"2023-12-14T12:29:30","guid":{"rendered":"https:\/\/www.claus-von-stauffenberg-schule.de\/?p=12341"},"modified":"2024-03-05T11:40:01","modified_gmt":"2024-03-05T10:40:01","slug":"wenn-raketeneinschlaege-fast-schon-zum-alltag-gehoeren","status":"publish","type":"post","link":"https:\/\/www.claus-von-stauffenberg-schule.de\/?p=12341","title":{"rendered":"Wenn Raketeneinschl\u00e4ge fast schon zum Alltag geh\u00f6ren"},"content":{"rendered":"\n<p><strong>Politik-Lehrer Christoph Paul aus Marburg h\u00e4lt einen Vortrag \u00fcber seine Sch\u00fcler-Reisen nach Israel an der Claus-von-Stauffenberg-Schule in Rodgau<\/strong><\/p>\n\n\n\n<p><strong>von Hans Rubinich<\/strong><\/p>\n\n\n\n<p>H\u00f6rsaal der Claus-von-Stauffenberg-Schule in Rodgau vergangenen Freitag: Dicht gedr\u00e4ngt in ihren B\u00e4nken schauen die Sch\u00fcler auf ein Bild, das gerade an die Wand projiziert wird. Es zeigt zwei junge M\u00e4nner am Strand mit Shorts und T-Shirts. Um ihre Schulter h\u00e4ngt ein Maschinengewehr. Das seien Soldaten im Wochenende, wie Lehrer Christoph Paul erkl\u00e4rt. In Israel, so der Lehrer weiter, m\u00fcsse jeder junge Mann und jede junge Frau zum Wehrdienst. Und auch in der Freizeit m\u00fcsse die Waffe in dieser Zeit immer dabei sein. Die Bedrohungslage sei allgegenw\u00e4rtig. Anschl\u00e4ge geh\u00f6rten leider zum Alltag. Das Land sei nie zur Ruhe gekommen.<\/p>\n\n\n\n<p>1948 wird Israel gegr\u00fcndet. Und nur einen Tag sp\u00e4ter erkl\u00e4rten gleich mehrere L\u00e4nder Israel den Krieg: \u00c4gypten, Saudi-Arabien, Transjordanien, der Libanon, der Irak und Syrien. Dabei fing alles so gut an. Am 14.Mai 1948 erkl\u00e4rte der erste Pr\u00e4sident Israels David Ben-Gurion die Unabh\u00e4ngigkeit seines Landes. F\u00fcr Menschen j\u00fcdischen Glaubens wurde der Traum vom eigenen Staat wahr. Nach jahrhundertlanger Verfolgung und Holocaust zogen sie wieder in ihr Land, von dem sie vor 2000 Jahren von damaligen R\u00f6mischen Reich vertrieben wurden. Allerdings: 700.000 Pal\u00e4stinenser mussten nun das Land verlassen oder wurden vertrieben. In den n\u00e4chsten Jahrzehnten wird es sechs weitere Kriege geben zwischen Israel und Pal\u00e4stinensern.<\/p>\n\n\n\n<p>Und heute \u2013 vor zwei Monaten &#8211; brach der n\u00e4chste Konflikt aus.<\/p>\n\n\n\n<figure class=\"wp-block-gallery has-nested-images columns-default is-cropped wp-block-gallery-1 is-layout-flex wp-block-gallery-is-layout-flex\">\n<figure class=\"wp-block-image size-large\"><a href=\"https:\/\/www.claus-von-stauffenberg-schule.de\/wp-content\/uploads\/2023\/12\/Deusche-Schuelergruppe-Jerusalem-Hintergrund-Felsendom-scaled.jpg\"><img loading=\"lazy\" decoding=\"async\" width=\"1024\" height=\"768\" data-id=\"12343\" src=\"https:\/\/www.claus-von-stauffenberg-schule.de\/wp-content\/uploads\/2023\/12\/Deusche-Schuelergruppe-Jerusalem-Hintergrund-Felsendom-1024x768.jpg\" alt=\"\" class=\"wp-image-12343\" srcset=\"https:\/\/www.claus-von-stauffenberg-schule.de\/wp-content\/uploads\/2023\/12\/Deusche-Schuelergruppe-Jerusalem-Hintergrund-Felsendom-1024x768.jpg 1024w, https:\/\/www.claus-von-stauffenberg-schule.de\/wp-content\/uploads\/2023\/12\/Deusche-Schuelergruppe-Jerusalem-Hintergrund-Felsendom-300x225.jpg 300w, https:\/\/www.claus-von-stauffenberg-schule.de\/wp-content\/uploads\/2023\/12\/Deusche-Schuelergruppe-Jerusalem-Hintergrund-Felsendom-768x576.jpg 768w, https:\/\/www.claus-von-stauffenberg-schule.de\/wp-content\/uploads\/2023\/12\/Deusche-Schuelergruppe-Jerusalem-Hintergrund-Felsendom-1536x1152.jpg 1536w, https:\/\/www.claus-von-stauffenberg-schule.de\/wp-content\/uploads\/2023\/12\/Deusche-Schuelergruppe-Jerusalem-Hintergrund-Felsendom-2048x1536.jpg 2048w\" sizes=\"auto, (max-width: 1024px) 100vw, 1024px\" \/><\/a><\/figure>\n\n\n\n<figure class=\"wp-block-image size-large\"><a href=\"https:\/\/www.claus-von-stauffenberg-schule.de\/wp-content\/uploads\/2023\/12\/Israel-Gruppe-Christoph-Paul-rechter-Bildrand.jpg\"><img loading=\"lazy\" decoding=\"async\" width=\"1024\" height=\"617\" data-id=\"12342\" src=\"https:\/\/www.claus-von-stauffenberg-schule.de\/wp-content\/uploads\/2023\/12\/Israel-Gruppe-Christoph-Paul-rechter-Bildrand-1024x617.jpg\" alt=\"\" class=\"wp-image-12342\" srcset=\"https:\/\/www.claus-von-stauffenberg-schule.de\/wp-content\/uploads\/2023\/12\/Israel-Gruppe-Christoph-Paul-rechter-Bildrand-1024x617.jpg 1024w, https:\/\/www.claus-von-stauffenberg-schule.de\/wp-content\/uploads\/2023\/12\/Israel-Gruppe-Christoph-Paul-rechter-Bildrand-300x181.jpg 300w, https:\/\/www.claus-von-stauffenberg-schule.de\/wp-content\/uploads\/2023\/12\/Israel-Gruppe-Christoph-Paul-rechter-Bildrand-768x463.jpg 768w, https:\/\/www.claus-von-stauffenberg-schule.de\/wp-content\/uploads\/2023\/12\/Israel-Gruppe-Christoph-Paul-rechter-Bildrand.jpg 1246w\" sizes=\"auto, (max-width: 1024px) 100vw, 1024px\" \/><\/a><\/figure>\n\n\n\n<figure class=\"wp-block-image size-large\"><a href=\"https:\/\/www.claus-von-stauffenberg-schule.de\/wp-content\/uploads\/2023\/12\/Landwirtin-im-Jugenddorf-Ayanot-scaled.jpg\"><img loading=\"lazy\" decoding=\"async\" width=\"1024\" height=\"768\" data-id=\"12346\" src=\"https:\/\/www.claus-von-stauffenberg-schule.de\/wp-content\/uploads\/2023\/12\/Landwirtin-im-Jugenddorf-Ayanot-1024x768.jpg\" alt=\"\" class=\"wp-image-12346\" srcset=\"https:\/\/www.claus-von-stauffenberg-schule.de\/wp-content\/uploads\/2023\/12\/Landwirtin-im-Jugenddorf-Ayanot-1024x768.jpg 1024w, https:\/\/www.claus-von-stauffenberg-schule.de\/wp-content\/uploads\/2023\/12\/Landwirtin-im-Jugenddorf-Ayanot-300x225.jpg 300w, https:\/\/www.claus-von-stauffenberg-schule.de\/wp-content\/uploads\/2023\/12\/Landwirtin-im-Jugenddorf-Ayanot-768x576.jpg 768w, https:\/\/www.claus-von-stauffenberg-schule.de\/wp-content\/uploads\/2023\/12\/Landwirtin-im-Jugenddorf-Ayanot-1536x1152.jpg 1536w, https:\/\/www.claus-von-stauffenberg-schule.de\/wp-content\/uploads\/2023\/12\/Landwirtin-im-Jugenddorf-Ayanot-2048x1536.jpg 2048w\" sizes=\"auto, (max-width: 1024px) 100vw, 1024px\" \/><\/a><\/figure>\n\n\n\n<figure class=\"wp-block-image size-large\"><a href=\"https:\/\/www.claus-von-stauffenberg-schule.de\/wp-content\/uploads\/2023\/12\/1000000836-scaled.jpg\"><img loading=\"lazy\" decoding=\"async\" width=\"1024\" height=\"768\" data-id=\"12345\" src=\"https:\/\/www.claus-von-stauffenberg-schule.de\/wp-content\/uploads\/2023\/12\/1000000836-1024x768.jpg\" alt=\"\" class=\"wp-image-12345\" srcset=\"https:\/\/www.claus-von-stauffenberg-schule.de\/wp-content\/uploads\/2023\/12\/1000000836-1024x768.jpg 1024w, https:\/\/www.claus-von-stauffenberg-schule.de\/wp-content\/uploads\/2023\/12\/1000000836-300x225.jpg 300w, https:\/\/www.claus-von-stauffenberg-schule.de\/wp-content\/uploads\/2023\/12\/1000000836-768x576.jpg 768w, https:\/\/www.claus-von-stauffenberg-schule.de\/wp-content\/uploads\/2023\/12\/1000000836-1536x1152.jpg 1536w, https:\/\/www.claus-von-stauffenberg-schule.de\/wp-content\/uploads\/2023\/12\/1000000836-2048x1536.jpg 2048w\" sizes=\"auto, (max-width: 1024px) 100vw, 1024px\" \/><\/a><\/figure>\n\n\n\n<figure class=\"wp-block-image size-large\"><a href=\"https:\/\/www.claus-von-stauffenberg-schule.de\/wp-content\/uploads\/2023\/12\/1000000842-scaled.jpg\"><img loading=\"lazy\" decoding=\"async\" width=\"1024\" height=\"768\" data-id=\"12344\" src=\"https:\/\/www.claus-von-stauffenberg-schule.de\/wp-content\/uploads\/2023\/12\/1000000842-1024x768.jpg\" alt=\"\" class=\"wp-image-12344\" srcset=\"https:\/\/www.claus-von-stauffenberg-schule.de\/wp-content\/uploads\/2023\/12\/1000000842-1024x768.jpg 1024w, https:\/\/www.claus-von-stauffenberg-schule.de\/wp-content\/uploads\/2023\/12\/1000000842-300x225.jpg 300w, https:\/\/www.claus-von-stauffenberg-schule.de\/wp-content\/uploads\/2023\/12\/1000000842-768x576.jpg 768w, https:\/\/www.claus-von-stauffenberg-schule.de\/wp-content\/uploads\/2023\/12\/1000000842-1536x1152.jpg 1536w, https:\/\/www.claus-von-stauffenberg-schule.de\/wp-content\/uploads\/2023\/12\/1000000842-2048x1536.jpg 2048w\" sizes=\"auto, (max-width: 1024px) 100vw, 1024px\" \/><\/a><\/figure>\n<\/figure>\n\n\n\n<p>Um mehr dar\u00fcber zu h\u00f6ren und \u00fcber Israel zu erfahren, hat Politik-Lehrer Hans Rubinich von der Claus-von-Stauffenberg-Schule einen Kollegen eingeladen: Christoph Paul von der Adolf-Reichwein-Schule in Marburg. Er besucht seit sechs Jahren mit seinen Sch\u00fclern Israel. Um umgekehrt besuchen Sch\u00fcler unser Land. \u201eWir versuchen\u201c, so Lehrer Paul \u201ewichtige gesellschaftliche Themen, die beide L\u00e4nder betreffen, vor allem filmisch umzusetzen.<\/p>\n\n\n\n<p>Einige Filme sind in den vergangenen Jahren entstanden. Ein Film nennt sich: \u201eRefguess in my land&nbsp; &#8211; refugess in your land\u201c (Fl\u00fcchtlinge in deinem und in meinem Land\u201c) In dem Film sprechen Jugendliche aus Israel \u00fcber Flucht und Vertreibung: \u201eWir sind alle Fl\u00fcchtlinge \u2013 wieso solle meine T\u00fcr verschlossen bleiben?\u201c, fragt etwa ein junges M\u00e4dchen aus Israel. Fl\u00fcchtlinge sind in Israel immer willkommen. J\u00fcdischen Menschen, die in Israel eine neue Heimat suchen, bietet das Land die Staatsb\u00fcrgerschaft an.<\/p>\n\n\n\n<p>Das Thema \u201eFlucht und Vertreibung\u201c ist auch in Deutschland ein gro\u00dfes Thema. Sei es die Flucht j\u00fcdischer Menschen damals vor dem Nazi-Regime, sei es die Flucht vieler Menschen heute, die bei uns Schutz suchen.<\/p>\n","protected":false},"excerpt":{"rendered":"<p>Politik-Lehrer Christoph Paul aus Marburg h\u00e4lt einen Vortrag \u00fcber seine Sch\u00fcler-Reisen nach Israel an der Claus-von-Stauffenberg-Schule in Rodgau von Hans Rubinich H\u00f6rsaal der Claus-von-Stauffenberg-Schule in Rodgau vergangenen Freitag: Dicht gedr\u00e4ngt in ihren B\u00e4nken schauen die Sch\u00fcler auf ein Bild, das gerade an die Wand projiziert wird. Es zeigt zwei junge [&hellip;]<\/p>\n","protected":false},"author":1,"featured_media":12344,"comment_status":"closed","ping_status":"closed","sticky":false,"template":"","format":"standard","meta":{"ngg_post_thumbnail":0,"_themeisle_gutenberg_block_has_review":false,"footnotes":""},"categories":[282],"tags":[464,453,465,77],"ppma_author":[513],"class_list":["post-12341","post","type-post","status-publish","format-standard","has-post-thumbnail","hentry","category-mitteilungen","tag-flucht","tag-israel","tag-vertreibung","tag-vortrag"],"authors":[{"term_id":513,"user_id":1,"is_guest":0,"slug":"admin","display_name":"Kai Springer","avatar_url":"https:\/\/secure.gravatar.com\/avatar\/9375e51d661fb9d64390a53e78b9cac508189aeb1cbe9800994d8e4773d075b5?s=96&d=mm&r=g","0":null,"1":"","2":"","3":"","4":"","5":"","6":"","7":"","8":""}],"_links":{"self":[{"href":"https:\/\/www.claus-von-stauffenberg-schule.de\/index.php?rest_route=\/wp\/v2\/posts\/12341","targetHints":{"allow":["GET"]}}],"collection":[{"href":"https:\/\/www.claus-von-stauffenberg-schule.de\/index.php?rest_route=\/wp\/v2\/posts"}],"about":[{"href":"https:\/\/www.claus-von-stauffenberg-schule.de\/index.php?rest_route=\/wp\/v2\/types\/post"}],"author":[{"embeddable":true,"href":"https:\/\/www.claus-von-stauffenberg-schule.de\/index.php?rest_route=\/wp\/v2\/users\/1"}],"replies":[{"embeddable":true,"href":"https:\/\/www.claus-von-stauffenberg-schule.de\/index.php?rest_route=%2Fwp%2Fv2%2Fcomments&post=12341"}],"version-history":[{"count":1,"href":"https:\/\/www.claus-von-stauffenberg-schule.de\/index.php?rest_route=\/wp\/v2\/posts\/12341\/revisions"}],"predecessor-version":[{"id":12347,"href":"https:\/\/www.claus-von-stauffenberg-schule.de\/index.php?rest_route=\/wp\/v2\/posts\/12341\/revisions\/12347"}],"wp:featuredmedia":[{"embeddable":true,"href":"https:\/\/www.claus-von-stauffenberg-schule.de\/index.php?rest_route=\/wp\/v2\/media\/12344"}],"wp:attachment":[{"href":"https:\/\/www.claus-von-stauffenberg-schule.de\/index.php?rest_route=%2Fwp%2Fv2%2Fmedia&parent=12341"}],"wp:term":[{"taxonomy":"category","embeddable":true,"href":"https:\/\/www.claus-von-stauffenberg-schule.de\/index.php?rest_route=%2Fwp%2Fv2%2Fcategories&post=12341"},{"taxonomy":"post_tag","embeddable":true,"href":"https:\/\/www.claus-von-stauffenberg-schule.de\/index.php?rest_route=%2Fwp%2Fv2%2Ftags&post=12341"},{"taxonomy":"author","embeddable":true,"href":"https:\/\/www.claus-von-stauffenberg-schule.de\/index.php?rest_route=%2Fwp%2Fv2%2Fppma_author&post=12341"}],"curies":[{"name":"wp","href":"https:\/\/api.w.org\/{rel}","templated":true}]}}