{"id":12577,"date":"2024-07-15T10:19:18","date_gmt":"2024-07-15T08:19:18","guid":{"rendered":"https:\/\/www.claus-von-stauffenberg-schule.de\/?p=12577"},"modified":"2024-07-15T10:19:21","modified_gmt":"2024-07-15T08:19:21","slug":"m1-pruefung-erfolgreich-abgelegt","status":"publish","type":"post","link":"https:\/\/www.claus-von-stauffenberg-schule.de\/?p=12577","title":{"rendered":"M1-Pr\u00fcfung erfolgreich abgelegt"},"content":{"rendered":"\n<p>Im Rahmen der zweiten Intensivwoche in diesem Jahr haben wieder sieben Sch\u00fcler*innen und eine ehemalige Sch\u00fclerin die M1-Pr\u00fcfung im Bereich der Ausbildung zum \/ zur Rettungssanit\u00e4ter*in erfolgreich bestanden.<\/p>\n\n\n\n<p>Dabei zeigten sie ihr K\u00f6nnen in verschiedenen Pr\u00fcfungsformaten, u.a. auch in einem Fallbeispiel und einem Reanimationsszenario. Damit haben sie den ersten Abschnitt der Ausbildung abgeschlossen und d\u00fcrfen sich nun ihren Praktika widmen.<\/p>\n\n\n\n<p>Einige von ihnen unterst\u00fctzen uns bereits seit April als Schulsanit\u00e4ter*innen und f\u00fchren dieses Ehrenamt auch im neuen Schuljahr mit Freuden weiter.<\/p>\n\n\n\n<p>Wir danken euch f\u00fcr euer Engagement und w\u00fcnschen euch viel Freude und Erfolg bei der weiteren Ausbildung!<\/p>\n\n\n\n<figure class=\"wp-block-image size-large is-resized\"><a href=\"https:\/\/www.claus-von-stauffenberg-schule.de\/wp-content\/uploads\/2024\/07\/M1.png\"><img loading=\"lazy\" decoding=\"async\" width=\"1024\" height=\"964\" src=\"https:\/\/www.claus-von-stauffenberg-schule.de\/wp-content\/uploads\/2024\/07\/M1-1024x964.png\" alt=\"\" class=\"wp-image-12578\" style=\"width:590px;height:auto\" srcset=\"https:\/\/www.claus-von-stauffenberg-schule.de\/wp-content\/uploads\/2024\/07\/M1-1024x964.png 1024w, https:\/\/www.claus-von-stauffenberg-schule.de\/wp-content\/uploads\/2024\/07\/M1-300x282.png 300w, https:\/\/www.claus-von-stauffenberg-schule.de\/wp-content\/uploads\/2024\/07\/M1-768x723.png 768w, https:\/\/www.claus-von-stauffenberg-schule.de\/wp-content\/uploads\/2024\/07\/M1.png 1386w\" sizes=\"auto, (max-width: 1024px) 100vw, 1024px\" \/><\/a><\/figure>\n","protected":false},"excerpt":{"rendered":"<p>Im Rahmen der zweiten Intensivwoche in diesem Jahr haben wieder sieben Sch\u00fcler*innen und eine ehemalige Sch\u00fclerin die M1-Pr\u00fcfung im Bereich der Ausbildung zum \/ zur Rettungssanit\u00e4ter*in erfolgreich bestanden. Dabei zeigten sie ihr K\u00f6nnen in verschiedenen Pr\u00fcfungsformaten, u.a. auch in einem Fallbeispiel und einem Reanimationsszenario. Damit haben sie den ersten Abschnitt [&hellip;]<\/p>\n","protected":false},"author":1,"featured_media":12578,"comment_status":"closed","ping_status":"closed","sticky":false,"template":"","format":"standard","meta":{"ngg_post_thumbnail":0,"_themeisle_gutenberg_block_has_review":false,"footnotes":""},"categories":[293,64,280],"tags":[478,34],"ppma_author":[513],"class_list":["post-12577","post","type-post","status-publish","format-standard","has-post-thumbnail","hentry","category-aus-den-kursen","category-gos-news","category-informationen","tag-m1","tag-rettungssanitater"],"authors":[{"term_id":513,"user_id":1,"is_guest":0,"slug":"admin","display_name":"Kai Springer","avatar_url":"https:\/\/secure.gravatar.com\/avatar\/9375e51d661fb9d64390a53e78b9cac508189aeb1cbe9800994d8e4773d075b5?s=96&d=mm&r=g","0":null,"1":"","2":"","3":"","4":"","5":"","6":"","7":"","8":""}],"_links":{"self":[{"href":"https:\/\/www.claus-von-stauffenberg-schule.de\/index.php?rest_route=\/wp\/v2\/posts\/12577","targetHints":{"allow":["GET"]}}],"collection":[{"href":"https:\/\/www.claus-von-stauffenberg-schule.de\/index.php?rest_route=\/wp\/v2\/posts"}],"about":[{"href":"https:\/\/www.claus-von-stauffenberg-schule.de\/index.php?rest_route=\/wp\/v2\/types\/post"}],"author":[{"embeddable":true,"href":"https:\/\/www.claus-von-stauffenberg-schule.de\/index.php?rest_route=\/wp\/v2\/users\/1"}],"replies":[{"embeddable":true,"href":"https:\/\/www.claus-von-stauffenberg-schule.de\/index.php?rest_route=%2Fwp%2Fv2%2Fcomments&post=12577"}],"version-history":[{"count":1,"href":"https:\/\/www.claus-von-stauffenberg-schule.de\/index.php?rest_route=\/wp\/v2\/posts\/12577\/revisions"}],"predecessor-version":[{"id":12579,"href":"https:\/\/www.claus-von-stauffenberg-schule.de\/index.php?rest_route=\/wp\/v2\/posts\/12577\/revisions\/12579"}],"wp:featuredmedia":[{"embeddable":true,"href":"https:\/\/www.claus-von-stauffenberg-schule.de\/index.php?rest_route=\/wp\/v2\/media\/12578"}],"wp:attachment":[{"href":"https:\/\/www.claus-von-stauffenberg-schule.de\/index.php?rest_route=%2Fwp%2Fv2%2Fmedia&parent=12577"}],"wp:term":[{"taxonomy":"category","embeddable":true,"href":"https:\/\/www.claus-von-stauffenberg-schule.de\/index.php?rest_route=%2Fwp%2Fv2%2Fcategories&post=12577"},{"taxonomy":"post_tag","embeddable":true,"href":"https:\/\/www.claus-von-stauffenberg-schule.de\/index.php?rest_route=%2Fwp%2Fv2%2Ftags&post=12577"},{"taxonomy":"author","embeddable":true,"href":"https:\/\/www.claus-von-stauffenberg-schule.de\/index.php?rest_route=%2Fwp%2Fv2%2Fppma_author&post=12577"}],"curies":[{"name":"wp","href":"https:\/\/api.w.org\/{rel}","templated":true}]}}