{"id":12838,"date":"2024-09-04T09:09:37","date_gmt":"2024-09-04T07:09:37","guid":{"rendered":"https:\/\/www.claus-von-stauffenberg-schule.de\/?p=12838"},"modified":"2024-09-04T18:39:13","modified_gmt":"2024-09-04T16:39:13","slug":"dele-ag","status":"publish","type":"post","link":"https:\/\/www.claus-von-stauffenberg-schule.de\/?p=12838","title":{"rendered":"DELE-AG"},"content":{"rendered":"\n<p>Liebe Sch\u00fclerinnen und Sch\u00fcler, liebe Eltern,<\/p>\n\n\n\n<p>nach erfolgreich bestandenen Pr\u00fcfungen aus den vergangenen Jahren bietet die Claus-von-Stauffenberg-Schule auch in diesem Schuljahr einen Vorbereitungskurs zur Erlangung eines DELE \u2013 Diploms (<em>Diploma de Espa\u00f1ol como Lengua Extranjera<\/em>), Niveau B1 an.<\/p>\n\n\n\n<p><strong>Was ist ein DELE\u2013Diplom?<\/strong><\/p>\n\n\n\n<p>Es ist ein offizielles Zertifikat zum Nachweis spanischer Sprachkenntnisse. Es hat lebenslange, internationale G\u00fcltigkeit, sowohl im universit\u00e4ren Bereich als auch in der Berufswelt oder bei Bewerbungen. Das Format des DELE-Zertifikats richtet sich nach dem gemeinsamen europ\u00e4ischen Referenzrahmen<em>, <\/em>es gibt daher verschiedene Niveaustufen von A1 (niedrigstes Niveau) bis C2 (h\u00f6chstes Niveau).<\/p>\n\n\n\n<p><strong>An wen richtet sich das DELE-Angebot der Claus-von-Stauffenberg-Schule?<\/strong><\/p>\n\n\n\n<p>Das Angebot richtet sich jahrgangs\u00fcbergreifend an alle Sch\u00fclerinnen und Sch\u00fcler, die Spanisch als Schulfach haben (in der Einf\u00fchrungsphase, als GK oder LK). Der Vorbereitungsunterricht findet w\u00f6chentlich einst\u00fcndig, am Mittwoch in der 7. Stunde statt. Ihr als Fortgeschrittene m\u00fcsstet mit einem Vorbereitungszeitraum von etwa einem Schuljahr rechnen.<\/p>\n\n\n\n<p><strong>Auf welches DELE werdet ihr vorbereitet?<\/strong><\/p>\n\n\n\n<p>F\u00fcr euch kommt das Niveau B1 (gute allgemeine Kenntnisse in der gesprochenen und geschriebenen Sprache) in Frage.<\/p>\n\n\n\n<p><strong>Wo werden die Pr\u00fcfungen abgelegt und welche Kosten entstehen?<\/strong><\/p>\n\n\n\n<p>Die DELE \u2013 Pr\u00fcfungen werden mehrere Male im Jahr abgenommen, f\u00fcr uns ist der Pr\u00fcfungsort das <em>Instituto Cervantes<\/em> in Frankfurt. Die Pr\u00fcfungsgeb\u00fchren f\u00fcr Sch\u00fcler des Landes Hessen liegen bei ca. 60 Euro pro Person. Das Buch, das als Vorbereitung f\u00fcr den Kurs dient, wird von der Schule bereitgestellt.<\/p>\n\n\n\n<p>Das Vorbereitungstreffen f\u00fcr alle interessierten Sch\u00fclerinnen und Sch\u00fcler findet am <strong>Mittwoch,<\/strong><strong> den 11.09.2024, um 13.10 Uhr in Raum 129 <\/strong>statt.<\/p>\n\n\n\n<p>Mit freundlichen Gr\u00fc\u00dfen<\/p>\n\n\n\n<p>M. Vasilescu<\/p>\n\n\n\n<p>Kursleiterin DELE<\/p>\n","protected":false},"excerpt":{"rendered":"<p>Liebe Sch\u00fclerinnen und Sch\u00fcler, liebe Eltern, nach erfolgreich bestandenen Pr\u00fcfungen aus den vergangenen Jahren bietet die Claus-von-Stauffenberg-Schule auch in diesem Schuljahr einen Vorbereitungskurs zur Erlangung eines DELE \u2013 Diploms (Diploma de Espa\u00f1ol como Lengua Extranjera), Niveau B1 an. Was ist ein DELE\u2013Diplom? Es ist ein offizielles Zertifikat zum Nachweis spanischer [&hellip;]<\/p>\n","protected":false},"author":1,"featured_media":9498,"comment_status":"closed","ping_status":"closed","sticky":false,"template":"","format":"standard","meta":{"ngg_post_thumbnail":0,"_themeisle_gutenberg_block_has_review":false,"footnotes":""},"categories":[284],"tags":[163],"ppma_author":[513],"class_list":["post-12838","post","type-post","status-publish","format-standard","has-post-thumbnail","hentry","category-sprachen","tag-arbeitsgemeinschaft"],"authors":[{"term_id":513,"user_id":1,"is_guest":0,"slug":"admin","display_name":"Kai Springer","avatar_url":"https:\/\/secure.gravatar.com\/avatar\/9375e51d661fb9d64390a53e78b9cac508189aeb1cbe9800994d8e4773d075b5?s=96&d=mm&r=g","0":null,"1":"","2":"","3":"","4":"","5":"","6":"","7":"","8":""}],"_links":{"self":[{"href":"https:\/\/www.claus-von-stauffenberg-schule.de\/index.php?rest_route=\/wp\/v2\/posts\/12838","targetHints":{"allow":["GET"]}}],"collection":[{"href":"https:\/\/www.claus-von-stauffenberg-schule.de\/index.php?rest_route=\/wp\/v2\/posts"}],"about":[{"href":"https:\/\/www.claus-von-stauffenberg-schule.de\/index.php?rest_route=\/wp\/v2\/types\/post"}],"author":[{"embeddable":true,"href":"https:\/\/www.claus-von-stauffenberg-schule.de\/index.php?rest_route=\/wp\/v2\/users\/1"}],"replies":[{"embeddable":true,"href":"https:\/\/www.claus-von-stauffenberg-schule.de\/index.php?rest_route=%2Fwp%2Fv2%2Fcomments&post=12838"}],"version-history":[{"count":1,"href":"https:\/\/www.claus-von-stauffenberg-schule.de\/index.php?rest_route=\/wp\/v2\/posts\/12838\/revisions"}],"predecessor-version":[{"id":12839,"href":"https:\/\/www.claus-von-stauffenberg-schule.de\/index.php?rest_route=\/wp\/v2\/posts\/12838\/revisions\/12839"}],"wp:featuredmedia":[{"embeddable":true,"href":"https:\/\/www.claus-von-stauffenberg-schule.de\/index.php?rest_route=\/wp\/v2\/media\/9498"}],"wp:attachment":[{"href":"https:\/\/www.claus-von-stauffenberg-schule.de\/index.php?rest_route=%2Fwp%2Fv2%2Fmedia&parent=12838"}],"wp:term":[{"taxonomy":"category","embeddable":true,"href":"https:\/\/www.claus-von-stauffenberg-schule.de\/index.php?rest_route=%2Fwp%2Fv2%2Fcategories&post=12838"},{"taxonomy":"post_tag","embeddable":true,"href":"https:\/\/www.claus-von-stauffenberg-schule.de\/index.php?rest_route=%2Fwp%2Fv2%2Ftags&post=12838"},{"taxonomy":"author","embeddable":true,"href":"https:\/\/www.claus-von-stauffenberg-schule.de\/index.php?rest_route=%2Fwp%2Fv2%2Fppma_author&post=12838"}],"curies":[{"name":"wp","href":"https:\/\/api.w.org\/{rel}","templated":true}]}}