{"id":12866,"date":"2024-09-05T09:00:25","date_gmt":"2024-09-05T07:00:25","guid":{"rendered":"https:\/\/www.claus-von-stauffenberg-schule.de\/?p=12866"},"modified":"2024-09-05T10:36:43","modified_gmt":"2024-09-05T08:36:43","slug":"neues-vom-schulhund","status":"publish","type":"post","link":"https:\/\/www.claus-von-stauffenberg-schule.de\/?p=12866","title":{"rendered":"Neues vom Schulhund"},"content":{"rendered":"\n<p class=\"has-text-align-center\">\u201eIch habe gro\u00dfe Achtung vor der Menschenkenntnis meines Hundes, er ist schneller und gr\u00fcndlicher als ich.\u201c<br>(F\u00fcrst Bismarck)<\/p>\n\n\n\n<p>Das Schulhund- Projekt an der Claus-von-Stauffenberg-Schule entwickelt sich weiter.<\/p>\n\n\n\n<p>Am 7.7.2024 hat Katja Schwarz mit ihrer H\u00fcndin Merle die Pr\u00fcfung zum Schulhund erfolgreich abgeschlossen.<\/p>\n\n\n\n<hr class=\"wp-block-separator has-alpha-channel-opacity\"\/>\n\n\n<div class=\"wp-block-image\">\n<figure class=\"aligncenter size-full\"><a href=\"https:\/\/www.claus-von-stauffenberg-schule.de\/wp-content\/uploads\/2024\/09\/image0-rotated.jpeg\"><img loading=\"lazy\" decoding=\"async\" width=\"480\" height=\"640\" src=\"https:\/\/www.claus-von-stauffenberg-schule.de\/wp-content\/uploads\/2024\/09\/image0-rotated.jpeg\" alt=\"\" class=\"wp-image-12874\" srcset=\"https:\/\/www.claus-von-stauffenberg-schule.de\/wp-content\/uploads\/2024\/09\/image0-rotated.jpeg 480w, https:\/\/www.claus-von-stauffenberg-schule.de\/wp-content\/uploads\/2024\/09\/image0-225x300.jpeg 225w\" sizes=\"auto, (max-width: 480px) 100vw, 480px\" \/><\/a><\/figure>\n<\/div>\n\n\n<hr class=\"wp-block-separator has-alpha-channel-opacity\"\/>\n\n\n\n<p>Somit erweitert sich unser Schulhund-Projekt. Die zus\u00e4tzliche Unterst\u00fctzung ist besonders erfreulich, da Milo inzwischen mit 11 Jahren langsam auf den Ruhestand vorbereitet wird und nur noch an ausgew\u00e4hlten Tagen seine Hundef\u00fchrerin Barbara Stegner in den Unterricht begleitet. Katja Schwarz und Merle sind aber nicht nur aus diesem Grund eine willkommene Erweiterung des Schulhund-Projektes. In den letzten Jahren hatte es sich gezeigt, dass der Wunsch, der Schulhund k\u00f6nnte pr\u00e4senter sein, immer st\u00e4rker bei den Sch\u00fclerinnen und Sch\u00fclern vertreten ist. Mit dem neuen Schulhund-Team erweitern wir das Projekt Schulhund, da Katja Schwarz in der Schulsozialarbeit t\u00e4tig ist. Damit wird das Projekt, das bisher nur auf die Schulstunden bei Barbara Stegner beschr\u00e4nkt war, auf den au\u00dferunterrichtlichen Bereich ausgedehnt. Weitere Information zur Arbeit von Katja Schwarz und ihrem Schulhund findet man auch unter dem Stichwort \u201epersonal coach\u201c.<\/p>\n","protected":false},"excerpt":{"rendered":"<p>\u201eIch habe gro\u00dfe Achtung vor der Menschenkenntnis meines Hundes, er ist schneller und gr\u00fcndlicher als ich.\u201c(F\u00fcrst Bismarck) Das Schulhund- Projekt an der Claus-von-Stauffenberg-Schule entwickelt sich weiter. Am 7.7.2024 hat Katja Schwarz mit ihrer H\u00fcndin Merle die Pr\u00fcfung zum Schulhund erfolgreich abgeschlossen. Somit erweitert sich unser Schulhund-Projekt. Die zus\u00e4tzliche Unterst\u00fctzung ist [&hellip;]<\/p>\n","protected":false},"author":1,"featured_media":12874,"comment_status":"closed","ping_status":"closed","sticky":false,"template":"","format":"standard","meta":{"ngg_post_thumbnail":0,"_themeisle_gutenberg_block_has_review":false,"footnotes":""},"categories":[280],"tags":[484],"ppma_author":[513],"class_list":["post-12866","post","type-post","status-publish","format-standard","has-post-thumbnail","hentry","category-informationen","tag-paedagogik"],"authors":[{"term_id":513,"user_id":1,"is_guest":0,"slug":"admin","display_name":"Kai Springer","avatar_url":"https:\/\/secure.gravatar.com\/avatar\/9375e51d661fb9d64390a53e78b9cac508189aeb1cbe9800994d8e4773d075b5?s=96&d=mm&r=g","0":null,"1":"","2":"","3":"","4":"","5":"","6":"","7":"","8":""}],"_links":{"self":[{"href":"https:\/\/www.claus-von-stauffenberg-schule.de\/index.php?rest_route=\/wp\/v2\/posts\/12866","targetHints":{"allow":["GET"]}}],"collection":[{"href":"https:\/\/www.claus-von-stauffenberg-schule.de\/index.php?rest_route=\/wp\/v2\/posts"}],"about":[{"href":"https:\/\/www.claus-von-stauffenberg-schule.de\/index.php?rest_route=\/wp\/v2\/types\/post"}],"author":[{"embeddable":true,"href":"https:\/\/www.claus-von-stauffenberg-schule.de\/index.php?rest_route=\/wp\/v2\/users\/1"}],"replies":[{"embeddable":true,"href":"https:\/\/www.claus-von-stauffenberg-schule.de\/index.php?rest_route=%2Fwp%2Fv2%2Fcomments&post=12866"}],"version-history":[{"count":3,"href":"https:\/\/www.claus-von-stauffenberg-schule.de\/index.php?rest_route=\/wp\/v2\/posts\/12866\/revisions"}],"predecessor-version":[{"id":12878,"href":"https:\/\/www.claus-von-stauffenberg-schule.de\/index.php?rest_route=\/wp\/v2\/posts\/12866\/revisions\/12878"}],"wp:featuredmedia":[{"embeddable":true,"href":"https:\/\/www.claus-von-stauffenberg-schule.de\/index.php?rest_route=\/wp\/v2\/media\/12874"}],"wp:attachment":[{"href":"https:\/\/www.claus-von-stauffenberg-schule.de\/index.php?rest_route=%2Fwp%2Fv2%2Fmedia&parent=12866"}],"wp:term":[{"taxonomy":"category","embeddable":true,"href":"https:\/\/www.claus-von-stauffenberg-schule.de\/index.php?rest_route=%2Fwp%2Fv2%2Fcategories&post=12866"},{"taxonomy":"post_tag","embeddable":true,"href":"https:\/\/www.claus-von-stauffenberg-schule.de\/index.php?rest_route=%2Fwp%2Fv2%2Ftags&post=12866"},{"taxonomy":"author","embeddable":true,"href":"https:\/\/www.claus-von-stauffenberg-schule.de\/index.php?rest_route=%2Fwp%2Fv2%2Fppma_author&post=12866"}],"curies":[{"name":"wp","href":"https:\/\/api.w.org\/{rel}","templated":true}]}}