{"id":12895,"date":"2024-09-09T11:45:47","date_gmt":"2024-09-09T09:45:47","guid":{"rendered":"https:\/\/www.claus-von-stauffenberg-schule.de\/?p=12895"},"modified":"2024-09-11T16:52:06","modified_gmt":"2024-09-11T14:52:06","slug":"stipendien","status":"publish","type":"post","link":"https:\/\/www.claus-von-stauffenberg-schule.de\/?p=12895","title":{"rendered":"Stipendien"},"content":{"rendered":"\n<p><br>Am 08. Juli lud die Sparkasse Langen-Seligenstadt zur diesj\u00e4hrigen Verleihung der \u00fcber die hauseigene Stiftung vergebenen Stipendien f\u00fcr besonders begabte Sch\u00fclerinnen und Sch\u00fcler ein. Gleich drei Stipendien gingen an Sch\u00fclerinnen unserer Schule. Lara Conrad, Maira Ahmad (beide Abiturientinnen des Jahrgangs 2024) und Lilli G\u00f6bel werden durch die finanzielle F\u00f6rderung des Stipendiums der Stiftung der Sparkasse Langen-Seligenstadt unterst\u00fctzt. Im Rahmen der F\u00f6rderung k\u00f6nnen beispielsweise Literatur oder Endger\u00e4te angeschafft werden oder auch Sprachreisen durchgef\u00fchrt oder Seminare besucht werden. Wir gratulieren ganz herzlich!<\/p>\n\n\n\n<figure class=\"wp-block-gallery has-nested-images columns-default is-cropped wp-block-gallery-1 is-layout-flex wp-block-gallery-is-layout-flex\">\n<figure class=\"wp-block-image size-large\"><a href=\"https:\/\/www.claus-von-stauffenberg-schule.de\/wp-content\/uploads\/2024\/09\/Stipendien-3.jpg\"><img loading=\"lazy\" decoding=\"async\" width=\"1024\" height=\"985\" data-id=\"12898\" src=\"https:\/\/www.claus-von-stauffenberg-schule.de\/wp-content\/uploads\/2024\/09\/Stipendien-3-1024x985.jpg\" alt=\"\" class=\"wp-image-12898\" srcset=\"https:\/\/www.claus-von-stauffenberg-schule.de\/wp-content\/uploads\/2024\/09\/Stipendien-3-1024x985.jpg 1024w, https:\/\/www.claus-von-stauffenberg-schule.de\/wp-content\/uploads\/2024\/09\/Stipendien-3-300x289.jpg 300w, https:\/\/www.claus-von-stauffenberg-schule.de\/wp-content\/uploads\/2024\/09\/Stipendien-3-768x739.jpg 768w, https:\/\/www.claus-von-stauffenberg-schule.de\/wp-content\/uploads\/2024\/09\/Stipendien-3-1536x1478.jpg 1536w, https:\/\/www.claus-von-stauffenberg-schule.de\/wp-content\/uploads\/2024\/09\/Stipendien-3-2048x1971.jpg 2048w\" sizes=\"auto, (max-width: 1024px) 100vw, 1024px\" \/><\/a><figcaption class=\"wp-element-caption\">Sparkasse Langen-Seligenstadt: F\u00f6rderstipendien.\nLara Eileen Conrad aus M\u00fchlheim (Claus-von-Stauffenberg-Schule, Rodgau).<\/figcaption><\/figure>\n\n\n\n<figure class=\"wp-block-image size-large\"><a href=\"https:\/\/www.claus-von-stauffenberg-schule.de\/wp-content\/uploads\/2024\/09\/Stipendien-2.jpg\"><img loading=\"lazy\" decoding=\"async\" width=\"1024\" height=\"814\" data-id=\"12897\" src=\"https:\/\/www.claus-von-stauffenberg-schule.de\/wp-content\/uploads\/2024\/09\/Stipendien-2-1024x814.jpg\" alt=\"\" class=\"wp-image-12897\" srcset=\"https:\/\/www.claus-von-stauffenberg-schule.de\/wp-content\/uploads\/2024\/09\/Stipendien-2-1024x814.jpg 1024w, https:\/\/www.claus-von-stauffenberg-schule.de\/wp-content\/uploads\/2024\/09\/Stipendien-2-300x238.jpg 300w, https:\/\/www.claus-von-stauffenberg-schule.de\/wp-content\/uploads\/2024\/09\/Stipendien-2-768x611.jpg 768w, https:\/\/www.claus-von-stauffenberg-schule.de\/wp-content\/uploads\/2024\/09\/Stipendien-2-1536x1221.jpg 1536w, https:\/\/www.claus-von-stauffenberg-schule.de\/wp-content\/uploads\/2024\/09\/Stipendien-2-2048x1628.jpg 2048w\" sizes=\"auto, (max-width: 1024px) 100vw, 1024px\" \/><\/a><figcaption class=\"wp-element-caption\">Sparkasse Langen-Seligenstadt: F\u00f6rderstipendien.\nMaira Ahmad aus Rodgau (Claus-von-Stauffenberg-Schule Rodgau).<\/figcaption><\/figure>\n\n\n\n<figure class=\"wp-block-image size-large\"><a href=\"https:\/\/www.claus-von-stauffenberg-schule.de\/wp-content\/uploads\/2024\/09\/Stipendien-1.jpg\"><img loading=\"lazy\" decoding=\"async\" width=\"1024\" height=\"726\" data-id=\"12896\" src=\"https:\/\/www.claus-von-stauffenberg-schule.de\/wp-content\/uploads\/2024\/09\/Stipendien-1-1024x726.jpg\" alt=\"\" class=\"wp-image-12896\" srcset=\"https:\/\/www.claus-von-stauffenberg-schule.de\/wp-content\/uploads\/2024\/09\/Stipendien-1-1024x726.jpg 1024w, https:\/\/www.claus-von-stauffenberg-schule.de\/wp-content\/uploads\/2024\/09\/Stipendien-1-300x213.jpg 300w, https:\/\/www.claus-von-stauffenberg-schule.de\/wp-content\/uploads\/2024\/09\/Stipendien-1-768x544.jpg 768w, https:\/\/www.claus-von-stauffenberg-schule.de\/wp-content\/uploads\/2024\/09\/Stipendien-1-1536x1088.jpg 1536w, https:\/\/www.claus-von-stauffenberg-schule.de\/wp-content\/uploads\/2024\/09\/Stipendien-1-2048x1451.jpg 2048w\" sizes=\"auto, (max-width: 1024px) 100vw, 1024px\" \/><\/a><figcaption class=\"wp-element-caption\">Sparkasse Langen-Seligenstadt: F\u00f6rderstipendien.\nLilli G\u00f6bel aus Rodgau (Claus-von-Stauffenberg-Schule Rodgau).<\/figcaption><\/figure>\n<\/figure>\n","protected":false},"excerpt":{"rendered":"<p>Am 08. Juli lud die Sparkasse Langen-Seligenstadt zur diesj\u00e4hrigen Verleihung der \u00fcber die hauseigene Stiftung vergebenen Stipendien f\u00fcr besonders begabte Sch\u00fclerinnen und Sch\u00fcler ein. Gleich drei Stipendien gingen an Sch\u00fclerinnen unserer Schule. Lara Conrad, Maira Ahmad (beide Abiturientinnen des Jahrgangs 2024) und Lilli G\u00f6bel werden durch die finanzielle F\u00f6rderung des [&hellip;]<\/p>\n","protected":false},"author":1,"featured_media":12898,"comment_status":"closed","ping_status":"closed","sticky":false,"template":"","format":"standard","meta":{"ngg_post_thumbnail":0,"_themeisle_gutenberg_block_has_review":false,"footnotes":""},"categories":[280],"tags":[486,485],"ppma_author":[513],"class_list":["post-12895","post","type-post","status-publish","format-standard","has-post-thumbnail","hentry","category-informationen","tag-begabtenfoerderung","tag-stipendien"],"authors":[{"term_id":513,"user_id":1,"is_guest":0,"slug":"admin","display_name":"Kai Springer","avatar_url":"https:\/\/secure.gravatar.com\/avatar\/9375e51d661fb9d64390a53e78b9cac508189aeb1cbe9800994d8e4773d075b5?s=96&d=mm&r=g","0":null,"1":"","2":"","3":"","4":"","5":"","6":"","7":"","8":""}],"_links":{"self":[{"href":"https:\/\/www.claus-von-stauffenberg-schule.de\/index.php?rest_route=\/wp\/v2\/posts\/12895","targetHints":{"allow":["GET"]}}],"collection":[{"href":"https:\/\/www.claus-von-stauffenberg-schule.de\/index.php?rest_route=\/wp\/v2\/posts"}],"about":[{"href":"https:\/\/www.claus-von-stauffenberg-schule.de\/index.php?rest_route=\/wp\/v2\/types\/post"}],"author":[{"embeddable":true,"href":"https:\/\/www.claus-von-stauffenberg-schule.de\/index.php?rest_route=\/wp\/v2\/users\/1"}],"replies":[{"embeddable":true,"href":"https:\/\/www.claus-von-stauffenberg-schule.de\/index.php?rest_route=%2Fwp%2Fv2%2Fcomments&post=12895"}],"version-history":[{"count":2,"href":"https:\/\/www.claus-von-stauffenberg-schule.de\/index.php?rest_route=\/wp\/v2\/posts\/12895\/revisions"}],"predecessor-version":[{"id":12900,"href":"https:\/\/www.claus-von-stauffenberg-schule.de\/index.php?rest_route=\/wp\/v2\/posts\/12895\/revisions\/12900"}],"wp:featuredmedia":[{"embeddable":true,"href":"https:\/\/www.claus-von-stauffenberg-schule.de\/index.php?rest_route=\/wp\/v2\/media\/12898"}],"wp:attachment":[{"href":"https:\/\/www.claus-von-stauffenberg-schule.de\/index.php?rest_route=%2Fwp%2Fv2%2Fmedia&parent=12895"}],"wp:term":[{"taxonomy":"category","embeddable":true,"href":"https:\/\/www.claus-von-stauffenberg-schule.de\/index.php?rest_route=%2Fwp%2Fv2%2Fcategories&post=12895"},{"taxonomy":"post_tag","embeddable":true,"href":"https:\/\/www.claus-von-stauffenberg-schule.de\/index.php?rest_route=%2Fwp%2Fv2%2Ftags&post=12895"},{"taxonomy":"author","embeddable":true,"href":"https:\/\/www.claus-von-stauffenberg-schule.de\/index.php?rest_route=%2Fwp%2Fv2%2Fppma_author&post=12895"}],"curies":[{"name":"wp","href":"https:\/\/api.w.org\/{rel}","templated":true}]}}