{"id":13018,"date":"2024-11-04T08:16:26","date_gmt":"2024-11-04T07:16:26","guid":{"rendered":"https:\/\/www.claus-von-stauffenberg-schule.de\/?p=13018"},"modified":"2024-11-04T08:16:28","modified_gmt":"2024-11-04T07:16:28","slug":"vielfalt-entdecken-neues-beginnen-tag-der-offenen-tuer-an-der-cvss","status":"publish","type":"post","link":"https:\/\/www.claus-von-stauffenberg-schule.de\/?p=13018","title":{"rendered":"Informationen vom Tag der offenen T\u00fcr an der CvSS"},"content":{"rendered":"<div class=\"wp-block-image\">\n<figure class=\"aligncenter size-large is-resized\"><a href=\"https:\/\/www.claus-von-stauffenberg-schule.de\/wp-content\/uploads\/2024\/10\/TdoT_Logo.jpg\"><img loading=\"lazy\" decoding=\"async\" width=\"1024\" height=\"734\" src=\"https:\/\/www.claus-von-stauffenberg-schule.de\/wp-content\/uploads\/2024\/10\/TdoT_Logo-1024x734.jpg\" alt=\"\" class=\"wp-image-13009\" style=\"width:434px;height:auto\" srcset=\"https:\/\/www.claus-von-stauffenberg-schule.de\/wp-content\/uploads\/2024\/10\/TdoT_Logo-1024x734.jpg 1024w, https:\/\/www.claus-von-stauffenberg-schule.de\/wp-content\/uploads\/2024\/10\/TdoT_Logo-300x215.jpg 300w, https:\/\/www.claus-von-stauffenberg-schule.de\/wp-content\/uploads\/2024\/10\/TdoT_Logo-768x551.jpg 768w, https:\/\/www.claus-von-stauffenberg-schule.de\/wp-content\/uploads\/2024\/10\/TdoT_Logo.jpg 1096w\" sizes=\"auto, (max-width: 1024px) 100vw, 1024px\" \/><\/a><\/figure>\n<\/div>\n\n\n<p><strong>Abitur?<\/strong><\/p>\n\n\n\n<p><strong>Fachhochschulreife?<\/strong><\/p>\n\n\n\n<p><strong>Welche Leistungskurse gibt es sp\u00e4ter?<\/strong><\/p>\n\n\n\n<p><strong>Ist die Claus-von-Stauffenberg-Schule die richtige f\u00fcr mich?<\/strong><\/p>\n\n\n\n<p>Diese und auch alle anderen Fragen m\u00f6chten wir Euch an unserem Tag der offenen T\u00fcr beantworten. Hierf\u00fcr stellen wir Euch unsere Schule vor und freuen uns als Lehrkr\u00e4fte darauf, Euch kennenzulernen. Der Tag beginnt um 10 Uhr und bietet folgendes: Infoveranstaltungen, F\u00fchrungen, Gespr\u00e4chsm\u00f6glichkeiten und viele neue Eindr\u00fccke. Auch kulinarisch ist vorgesorgt \u2026<\/p>\n\n\n\n<div data-wp-interactive=\"core\/file\" class=\"wp-block-file\"><object data-wp-bind--hidden=\"!state.hasPdfPreview\" hidden class=\"wp-block-file__embed\" data=\"https:\/\/www.claus-von-stauffenberg-schule.de\/wp-content\/uploads\/2024\/10\/CvSS_Praesentation_NEU.pdf\" type=\"application\/pdf\" style=\"width:100%;height:600px\" aria-label=\"Einbettung von CvSS_Praesentation_NEU.\"><\/object><a id=\"wp-block-file--media-f0238133-97f5-415d-a8b0-dee899877a52\" href=\"https:\/\/www.claus-von-stauffenberg-schule.de\/wp-content\/uploads\/2024\/10\/CvSS_Praesentation_NEU.pdf\">CvSS_Praesentation_NEU<\/a><a href=\"https:\/\/www.claus-von-stauffenberg-schule.de\/wp-content\/uploads\/2024\/10\/CvSS_Praesentation_NEU.pdf\" class=\"wp-block-file__button wp-element-button\" download aria-describedby=\"wp-block-file--media-f0238133-97f5-415d-a8b0-dee899877a52\">Herunterladen<\/a><\/div>\n\n\n\n<p>Anders als in den vergangenen Jahren wird es keine zentralen gro\u00dfen Informationsveranstaltungen f\u00fcr Sch\u00fclerInnen und Eltern zur gymnasialen Oberstufe an der CvSS geben. Wir laden zu themengeleiteten F\u00fchrungen ein und wollen im Gespr\u00e4ch die Vielfalt unserer Schule und das Neue in der Oberstufe erkl\u00e4ren.<br>An einzelnen Stationen wird es spezielle Informationen von Lernenden und Lehrenden zu den Unterrichtsf\u00e4chern geben. Gerade in den zur Auswahl stehenden F\u00e4chern, wie Kunst \/ Musik \/ Darstellendes Spiel, den verschiedenen Sprachen oder dem Wahlfach Informatik lohnt sich der Austausch, um eine gute Auswahl f\u00fcr die kommenden drei Jahre treffen zu k\u00f6nnen.<\/p>\n\n\n\n<hr class=\"wp-block-separator has-alpha-channel-opacity\"\/>\n\n\n\n<p><strong>Eindr\u00fccke aus dem Schulleben:<\/strong><\/p>\n\n\n\n<figure class=\"wp-block-gallery has-nested-images columns-default is-cropped wp-block-gallery-1 is-layout-flex wp-block-gallery-is-layout-flex\">\n<figure class=\"wp-block-image size-large\"><a href=\"https:\/\/www.claus-von-stauffenberg-schule.de\/wp-content\/uploads\/2024\/09\/PXL_20240903_0927461662-scaled.jpg\"><img loading=\"lazy\" decoding=\"async\" width=\"741\" height=\"1024\" data-id=\"12882\" src=\"https:\/\/www.claus-von-stauffenberg-schule.de\/wp-content\/uploads\/2024\/09\/PXL_20240903_0927461662-741x1024.jpg\" alt=\"\" class=\"wp-image-12882\" srcset=\"https:\/\/www.claus-von-stauffenberg-schule.de\/wp-content\/uploads\/2024\/09\/PXL_20240903_0927461662-741x1024.jpg 741w, https:\/\/www.claus-von-stauffenberg-schule.de\/wp-content\/uploads\/2024\/09\/PXL_20240903_0927461662-217x300.jpg 217w, https:\/\/www.claus-von-stauffenberg-schule.de\/wp-content\/uploads\/2024\/09\/PXL_20240903_0927461662-768x1062.jpg 768w, https:\/\/www.claus-von-stauffenberg-schule.de\/wp-content\/uploads\/2024\/09\/PXL_20240903_0927461662-1111x1536.jpg 1111w, https:\/\/www.claus-von-stauffenberg-schule.de\/wp-content\/uploads\/2024\/09\/PXL_20240903_0927461662-1482x2048.jpg 1482w, https:\/\/www.claus-von-stauffenberg-schule.de\/wp-content\/uploads\/2024\/09\/PXL_20240903_0927461662-scaled.jpg 1852w\" sizes=\"auto, (max-width: 741px) 100vw, 741px\" \/><\/a><figcaption class=\"wp-element-caption\">Sprachenzertifikate, hier DELF<\/figcaption><\/figure>\n\n\n\n<figure class=\"wp-block-image size-large\"><a href=\"https:\/\/www.claus-von-stauffenberg-schule.de\/wp-content\/uploads\/2024\/09\/IMG_0463-scaled.jpg\"><img loading=\"lazy\" decoding=\"async\" width=\"768\" height=\"1024\" data-id=\"12820\" src=\"https:\/\/www.claus-von-stauffenberg-schule.de\/wp-content\/uploads\/2024\/09\/IMG_0463-768x1024.jpg\" alt=\"\" class=\"wp-image-12820\" srcset=\"https:\/\/www.claus-von-stauffenberg-schule.de\/wp-content\/uploads\/2024\/09\/IMG_0463-768x1024.jpg 768w, https:\/\/www.claus-von-stauffenberg-schule.de\/wp-content\/uploads\/2024\/09\/IMG_0463-225x300.jpg 225w, https:\/\/www.claus-von-stauffenberg-schule.de\/wp-content\/uploads\/2024\/09\/IMG_0463-1152x1536.jpg 1152w, https:\/\/www.claus-von-stauffenberg-schule.de\/wp-content\/uploads\/2024\/09\/IMG_0463-1536x2048.jpg 1536w, https:\/\/www.claus-von-stauffenberg-schule.de\/wp-content\/uploads\/2024\/09\/IMG_0463-scaled.jpg 1920w\" sizes=\"auto, (max-width: 768px) 100vw, 768px\" \/><\/a><figcaption class=\"wp-element-caption\">MINT: Besuch im Sch\u00fclerlabor<\/figcaption><\/figure>\n\n\n\n<figure class=\"wp-block-image size-large\"><a href=\"https:\/\/www.claus-von-stauffenberg-schule.de\/wp-content\/uploads\/2024\/07\/F2.png\"><img loading=\"lazy\" decoding=\"async\" width=\"1024\" height=\"768\" data-id=\"12583\" src=\"https:\/\/www.claus-von-stauffenberg-schule.de\/wp-content\/uploads\/2024\/07\/F2-1024x768.png\" alt=\"\" class=\"wp-image-12583\" srcset=\"https:\/\/www.claus-von-stauffenberg-schule.de\/wp-content\/uploads\/2024\/07\/F2-1024x768.png 1024w, https:\/\/www.claus-von-stauffenberg-schule.de\/wp-content\/uploads\/2024\/07\/F2-300x225.png 300w, https:\/\/www.claus-von-stauffenberg-schule.de\/wp-content\/uploads\/2024\/07\/F2-768x576.png 768w, https:\/\/www.claus-von-stauffenberg-schule.de\/wp-content\/uploads\/2024\/07\/F2.png 1386w\" sizes=\"auto, (max-width: 1024px) 100vw, 1024px\" \/><\/a><figcaption class=\"wp-element-caption\">staatlich anerkannte Ausbildungslehrg\u00e4nge, u.a. Rettungssanit\u00e4ter<\/figcaption><\/figure>\n<\/figure>\n\n\n\n<p><\/p>\n\n\n\n<figure class=\"wp-block-gallery has-nested-images columns-default is-cropped wp-block-gallery-2 is-layout-flex wp-block-gallery-is-layout-flex\">\n<figure class=\"wp-block-image size-large\"><a href=\"https:\/\/www.claus-von-stauffenberg-schule.de\/wp-content\/uploads\/2024\/10\/4.png\"><img loading=\"lazy\" decoding=\"async\" width=\"1200\" height=\"1600\" data-id=\"12950\" src=\"https:\/\/www.claus-von-stauffenberg-schule.de\/wp-content\/uploads\/2024\/10\/4-768x1024.png\" alt=\"\" class=\"wp-image-12950\" srcset=\"https:\/\/www.claus-von-stauffenberg-schule.de\/wp-content\/uploads\/2024\/10\/4-768x1024.png 768w, https:\/\/www.claus-von-stauffenberg-schule.de\/wp-content\/uploads\/2024\/10\/4-225x300.png 225w, https:\/\/www.claus-von-stauffenberg-schule.de\/wp-content\/uploads\/2024\/10\/4-1152x1536.png 1152w, https:\/\/www.claus-von-stauffenberg-schule.de\/wp-content\/uploads\/2024\/10\/4.png 1200w\" sizes=\"auto, (max-width: 1200px) 100vw, 1200px\" \/><\/a><figcaption class=\"wp-element-caption\">Teilnahme und Unterst\u00fctzung des 24h &#8211; Laufs<\/figcaption><\/figure>\n\n\n\n<figure class=\"wp-block-image size-large\"><a href=\"https:\/\/www.claus-von-stauffenberg-schule.de\/wp-content\/uploads\/2024\/09\/Stipendien-1.jpg\"><img loading=\"lazy\" decoding=\"async\" width=\"1024\" height=\"726\" data-id=\"12896\" src=\"https:\/\/www.claus-von-stauffenberg-schule.de\/wp-content\/uploads\/2024\/09\/Stipendien-1-1024x726.jpg\" alt=\"\" class=\"wp-image-12896\" srcset=\"https:\/\/www.claus-von-stauffenberg-schule.de\/wp-content\/uploads\/2024\/09\/Stipendien-1-1024x726.jpg 1024w, https:\/\/www.claus-von-stauffenberg-schule.de\/wp-content\/uploads\/2024\/09\/Stipendien-1-300x213.jpg 300w, https:\/\/www.claus-von-stauffenberg-schule.de\/wp-content\/uploads\/2024\/09\/Stipendien-1-768x544.jpg 768w, https:\/\/www.claus-von-stauffenberg-schule.de\/wp-content\/uploads\/2024\/09\/Stipendien-1-1536x1088.jpg 1536w, https:\/\/www.claus-von-stauffenberg-schule.de\/wp-content\/uploads\/2024\/09\/Stipendien-1-2048x1451.jpg 2048w\" sizes=\"auto, (max-width: 1024px) 100vw, 1024px\" \/><\/a><figcaption class=\"wp-element-caption\">F\u00f6rderstipendien der Sparkasse Langen-Seligenstadt<\/figcaption><\/figure>\n\n\n\n<figure class=\"wp-block-image size-large\"><a href=\"https:\/\/www.claus-von-stauffenberg-schule.de\/wp-content\/uploads\/2024\/02\/JD.png\"><img loading=\"lazy\" decoding=\"async\" width=\"768\" height=\"1024\" data-id=\"12411\" src=\"https:\/\/www.claus-von-stauffenberg-schule.de\/wp-content\/uploads\/2024\/02\/JD-768x1024.png\" alt=\"\" class=\"wp-image-12411\" srcset=\"https:\/\/www.claus-von-stauffenberg-schule.de\/wp-content\/uploads\/2024\/02\/JD-768x1024.png 768w, https:\/\/www.claus-von-stauffenberg-schule.de\/wp-content\/uploads\/2024\/02\/JD-225x300.png 225w, https:\/\/www.claus-von-stauffenberg-schule.de\/wp-content\/uploads\/2024\/02\/JD.png 1008w\" sizes=\"auto, (max-width: 768px) 100vw, 768px\" \/><\/a><figcaption class=\"wp-element-caption\">AG: Jugend debattiert<\/figcaption><\/figure>\n<\/figure>\n\n\n\n<hr class=\"wp-block-separator has-alpha-channel-opacity\"\/>\n","protected":false},"excerpt":{"rendered":"<p>Abitur? Fachhochschulreife? Welche Leistungskurse gibt es sp\u00e4ter? Ist die Claus-von-Stauffenberg-Schule die richtige f\u00fcr mich? Diese und auch alle anderen Fragen m\u00f6chten wir Euch an unserem Tag der offenen T\u00fcr beantworten. Hierf\u00fcr stellen wir Euch unsere Schule vor und freuen uns als Lehrkr\u00e4fte darauf, Euch kennenzulernen. Der Tag beginnt um 10 [&hellip;]<\/p>\n","protected":false},"author":1,"featured_media":13046,"comment_status":"closed","ping_status":"closed","sticky":false,"template":"","format":"standard","meta":{"ngg_post_thumbnail":0,"_themeisle_gutenberg_block_has_review":false,"footnotes":""},"categories":[326,281,279],"tags":[493],"ppma_author":[513],"class_list":["post-13018","post","type-post","status-publish","format-standard","has-post-thumbnail","hentry","category-aktuell","category-events","category-schulleitung","tag-tag-der-offenen-tuer"],"authors":[{"term_id":513,"user_id":1,"is_guest":0,"slug":"admin","display_name":"Kai Springer","avatar_url":"https:\/\/secure.gravatar.com\/avatar\/9375e51d661fb9d64390a53e78b9cac508189aeb1cbe9800994d8e4773d075b5?s=96&d=mm&r=g","0":null,"1":"","2":"","3":"","4":"","5":"","6":"","7":"","8":""}],"_links":{"self":[{"href":"https:\/\/www.claus-von-stauffenberg-schule.de\/index.php?rest_route=\/wp\/v2\/posts\/13018","targetHints":{"allow":["GET"]}}],"collection":[{"href":"https:\/\/www.claus-von-stauffenberg-schule.de\/index.php?rest_route=\/wp\/v2\/posts"}],"about":[{"href":"https:\/\/www.claus-von-stauffenberg-schule.de\/index.php?rest_route=\/wp\/v2\/types\/post"}],"author":[{"embeddable":true,"href":"https:\/\/www.claus-von-stauffenberg-schule.de\/index.php?rest_route=\/wp\/v2\/users\/1"}],"replies":[{"embeddable":true,"href":"https:\/\/www.claus-von-stauffenberg-schule.de\/index.php?rest_route=%2Fwp%2Fv2%2Fcomments&post=13018"}],"version-history":[{"count":9,"href":"https:\/\/www.claus-von-stauffenberg-schule.de\/index.php?rest_route=\/wp\/v2\/posts\/13018\/revisions"}],"predecessor-version":[{"id":13131,"href":"https:\/\/www.claus-von-stauffenberg-schule.de\/index.php?rest_route=\/wp\/v2\/posts\/13018\/revisions\/13131"}],"wp:featuredmedia":[{"embeddable":true,"href":"https:\/\/www.claus-von-stauffenberg-schule.de\/index.php?rest_route=\/wp\/v2\/media\/13046"}],"wp:attachment":[{"href":"https:\/\/www.claus-von-stauffenberg-schule.de\/index.php?rest_route=%2Fwp%2Fv2%2Fmedia&parent=13018"}],"wp:term":[{"taxonomy":"category","embeddable":true,"href":"https:\/\/www.claus-von-stauffenberg-schule.de\/index.php?rest_route=%2Fwp%2Fv2%2Fcategories&post=13018"},{"taxonomy":"post_tag","embeddable":true,"href":"https:\/\/www.claus-von-stauffenberg-schule.de\/index.php?rest_route=%2Fwp%2Fv2%2Ftags&post=13018"},{"taxonomy":"author","embeddable":true,"href":"https:\/\/www.claus-von-stauffenberg-schule.de\/index.php?rest_route=%2Fwp%2Fv2%2Fppma_author&post=13018"}],"curies":[{"name":"wp","href":"https:\/\/api.w.org\/{rel}","templated":true}]}}