{"id":13166,"date":"2024-11-21T11:06:30","date_gmt":"2024-11-21T10:06:30","guid":{"rendered":"https:\/\/www.claus-von-stauffenberg-schule.de\/?p=13166"},"modified":"2024-11-21T11:07:16","modified_gmt":"2024-11-21T10:07:16","slug":"bunte-vielfalt-am-oberstufengymnasium","status":"publish","type":"post","link":"https:\/\/www.claus-von-stauffenberg-schule.de\/?p=13166","title":{"rendered":"Bunte Vielfalt am Oberstufengymnasium"},"content":{"rendered":"\n<p><strong>Tag der offenen T\u00fcr an der Claus-von-Stauffenberg-Schule<\/strong><\/p>\n\n\n\n<p>Zahlreiche Interessierte aus Rodgau und Umgebung kamen zum diesj\u00e4hrigen \u201eTag der Offenen T\u00fcr\u201c an die Claus-von-Stauffenberg-Schule in Dudenhofen. Unter dem Motto \u201eVielfalt entdecken \u2013 Neues beginnen\u201c pr\u00e4sentierte die Gymnasiale Oberstufe, die oft einfach nur \u201eGOS\u201c genannt wird, ihr breites und abwechslungsreiches Leistungsspektrum. An bunt gestalteten Info-St\u00e4nden und im Rahmen von Schulf\u00fchrungen konnten Fragen gestellt und Eindr\u00fccke gesammelt werden. Zentrales Thema war die Pr\u00e4sentation der einzelnen Unterrichtsf\u00e4cher. Doch nicht nur die klassischen Lehrangebote wie Deutsch, Mathematik oder Fremdsprachen fanden regen Zulauf. Im Sport-Parcours der Sportfachschaft konnte man sein eigenes Geschick testen und sich \u00fcber das Angebot der Sport-Leistungskurse informieren. Der Fachbereich Kunst hatte eine eigene, kleine Ausstellung organisiert und die Naturwissenschaften boten neben kurzen Vortr\u00e4gen auch Mitmach-Experimente an. In der Aula und dem Schulhof pr\u00e4sentierte sich die Feuerwehr- und Rettungssanit\u00e4ter-AG, in der schon so manche Karriere Richtung Rettungswesen ihren Anfang genommen hat. \u201eWir sind f\u00fcr alle Sch\u00fcler offen, die bei uns ihr Abitur machen wollen\u201c, informierte Schulleiterin Dagmar Emmerich an ihrem Stand im Foyer der Schule. \u201eSch\u00fcler aus Rodgau und Obertshausen haben auf Grund des Schulverbundes einen Platz sicher. Alle anderen aber k\u00f6nnen in der Regel \u00fcber die allgemein \u00fcbliche Warteliste in die Schule aufgenommen werden.\u201c<\/p>\n\n\n\n<figure class=\"wp-block-gallery has-nested-images columns-default is-cropped wp-block-gallery-1 is-layout-flex wp-block-gallery-is-layout-flex\">\n<figure class=\"wp-block-image size-large\"><a href=\"https:\/\/www.claus-von-stauffenberg-schule.de\/wp-content\/uploads\/2024\/11\/Chemie-2-scaled.jpg\"><img loading=\"lazy\" decoding=\"async\" width=\"1024\" height=\"768\" data-id=\"13169\" src=\"https:\/\/www.claus-von-stauffenberg-schule.de\/wp-content\/uploads\/2024\/11\/Chemie-2-1024x768.jpg\" alt=\"\" class=\"wp-image-13169\" srcset=\"https:\/\/www.claus-von-stauffenberg-schule.de\/wp-content\/uploads\/2024\/11\/Chemie-2-1024x768.jpg 1024w, https:\/\/www.claus-von-stauffenberg-schule.de\/wp-content\/uploads\/2024\/11\/Chemie-2-300x225.jpg 300w, https:\/\/www.claus-von-stauffenberg-schule.de\/wp-content\/uploads\/2024\/11\/Chemie-2-768x576.jpg 768w, https:\/\/www.claus-von-stauffenberg-schule.de\/wp-content\/uploads\/2024\/11\/Chemie-2-1536x1152.jpg 1536w, https:\/\/www.claus-von-stauffenberg-schule.de\/wp-content\/uploads\/2024\/11\/Chemie-2-2048x1536.jpg 2048w\" sizes=\"auto, (max-width: 1024px) 100vw, 1024px\" \/><\/a><\/figure>\n\n\n\n<figure class=\"wp-block-image size-large\"><a href=\"https:\/\/www.claus-von-stauffenberg-schule.de\/wp-content\/uploads\/2024\/11\/Fremdsprachen2-scaled.jpg\"><img loading=\"lazy\" decoding=\"async\" width=\"1024\" height=\"768\" data-id=\"13167\" src=\"https:\/\/www.claus-von-stauffenberg-schule.de\/wp-content\/uploads\/2024\/11\/Fremdsprachen2-1024x768.jpg\" alt=\"\" class=\"wp-image-13167\" srcset=\"https:\/\/www.claus-von-stauffenberg-schule.de\/wp-content\/uploads\/2024\/11\/Fremdsprachen2-1024x768.jpg 1024w, https:\/\/www.claus-von-stauffenberg-schule.de\/wp-content\/uploads\/2024\/11\/Fremdsprachen2-300x225.jpg 300w, https:\/\/www.claus-von-stauffenberg-schule.de\/wp-content\/uploads\/2024\/11\/Fremdsprachen2-768x576.jpg 768w, https:\/\/www.claus-von-stauffenberg-schule.de\/wp-content\/uploads\/2024\/11\/Fremdsprachen2-1536x1152.jpg 1536w, https:\/\/www.claus-von-stauffenberg-schule.de\/wp-content\/uploads\/2024\/11\/Fremdsprachen2-2048x1536.jpg 2048w\" sizes=\"auto, (max-width: 1024px) 100vw, 1024px\" \/><\/a><\/figure>\n\n\n\n<figure class=\"wp-block-image size-large\"><a href=\"https:\/\/www.claus-von-stauffenberg-schule.de\/wp-content\/uploads\/2024\/11\/P1020017-scaled.jpg\"><img loading=\"lazy\" decoding=\"async\" width=\"1024\" height=\"769\" data-id=\"13170\" src=\"https:\/\/www.claus-von-stauffenberg-schule.de\/wp-content\/uploads\/2024\/11\/P1020017-1024x769.jpg\" alt=\"\" class=\"wp-image-13170\" srcset=\"https:\/\/www.claus-von-stauffenberg-schule.de\/wp-content\/uploads\/2024\/11\/P1020017-1024x769.jpg 1024w, https:\/\/www.claus-von-stauffenberg-schule.de\/wp-content\/uploads\/2024\/11\/P1020017-300x225.jpg 300w, https:\/\/www.claus-von-stauffenberg-schule.de\/wp-content\/uploads\/2024\/11\/P1020017-768x577.jpg 768w, https:\/\/www.claus-von-stauffenberg-schule.de\/wp-content\/uploads\/2024\/11\/P1020017-1536x1153.jpg 1536w, https:\/\/www.claus-von-stauffenberg-schule.de\/wp-content\/uploads\/2024\/11\/P1020017-2048x1538.jpg 2048w\" sizes=\"auto, (max-width: 1024px) 100vw, 1024px\" \/><\/a><\/figure>\n\n\n\n<figure class=\"wp-block-image size-large\"><a href=\"https:\/\/www.claus-von-stauffenberg-schule.de\/wp-content\/uploads\/2024\/11\/StvSL1-scaled.jpg\"><img loading=\"lazy\" decoding=\"async\" width=\"1024\" height=\"765\" data-id=\"13168\" src=\"https:\/\/www.claus-von-stauffenberg-schule.de\/wp-content\/uploads\/2024\/11\/StvSL1-1024x765.jpg\" alt=\"\" class=\"wp-image-13168\" srcset=\"https:\/\/www.claus-von-stauffenberg-schule.de\/wp-content\/uploads\/2024\/11\/StvSL1-1024x765.jpg 1024w, https:\/\/www.claus-von-stauffenberg-schule.de\/wp-content\/uploads\/2024\/11\/StvSL1-300x224.jpg 300w, https:\/\/www.claus-von-stauffenberg-schule.de\/wp-content\/uploads\/2024\/11\/StvSL1-768x574.jpg 768w, https:\/\/www.claus-von-stauffenberg-schule.de\/wp-content\/uploads\/2024\/11\/StvSL1-1536x1147.jpg 1536w, https:\/\/www.claus-von-stauffenberg-schule.de\/wp-content\/uploads\/2024\/11\/StvSL1-2048x1530.jpg 2048w\" sizes=\"auto, (max-width: 1024px) 100vw, 1024px\" \/><\/a><\/figure>\n<\/figure>\n\n\n\n<p>Die Anmeldung von Sch\u00fclerinnen und Sch\u00fcler aus Rodgau und Obertshausen erfolgt im Februar \u00fcber ihre bisherigen Schulen. Interessierte aus den anderen umliegenden St\u00e4dten k\u00f6nnen sich \u00fcber das auf der Schulhomepage (cvss.de) ver\u00f6ffentlichte Anmeldeformular anmelden. Entsprechend des Eingangs ihrer Anmeldungen erfolgt die Vergabe der freien Pl\u00e4tze.<\/p>\n\n\n\n<p><\/p>\n","protected":false},"excerpt":{"rendered":"<p>Tag der offenen T\u00fcr an der Claus-von-Stauffenberg-Schule Zahlreiche Interessierte aus Rodgau und Umgebung kamen zum diesj\u00e4hrigen \u201eTag der Offenen T\u00fcr\u201c an die Claus-von-Stauffenberg-Schule in Dudenhofen. Unter dem Motto \u201eVielfalt entdecken \u2013 Neues beginnen\u201c pr\u00e4sentierte die Gymnasiale Oberstufe, die oft einfach nur \u201eGOS\u201c genannt wird, ihr breites und abwechslungsreiches Leistungsspektrum. An [&hellip;]<\/p>\n","protected":false},"author":1,"featured_media":13168,"comment_status":"closed","ping_status":"closed","sticky":false,"template":"","format":"standard","meta":{"ngg_post_thumbnail":0,"_themeisle_gutenberg_block_has_review":false,"footnotes":""},"categories":[326,281],"tags":[],"ppma_author":[513],"class_list":["post-13166","post","type-post","status-publish","format-standard","has-post-thumbnail","hentry","category-aktuell","category-events"],"authors":[{"term_id":513,"user_id":1,"is_guest":0,"slug":"admin","display_name":"Kai Springer","avatar_url":"https:\/\/secure.gravatar.com\/avatar\/9375e51d661fb9d64390a53e78b9cac508189aeb1cbe9800994d8e4773d075b5?s=96&d=mm&r=g","0":null,"1":"","2":"","3":"","4":"","5":"","6":"","7":"","8":""}],"_links":{"self":[{"href":"https:\/\/www.claus-von-stauffenberg-schule.de\/index.php?rest_route=\/wp\/v2\/posts\/13166","targetHints":{"allow":["GET"]}}],"collection":[{"href":"https:\/\/www.claus-von-stauffenberg-schule.de\/index.php?rest_route=\/wp\/v2\/posts"}],"about":[{"href":"https:\/\/www.claus-von-stauffenberg-schule.de\/index.php?rest_route=\/wp\/v2\/types\/post"}],"author":[{"embeddable":true,"href":"https:\/\/www.claus-von-stauffenberg-schule.de\/index.php?rest_route=\/wp\/v2\/users\/1"}],"replies":[{"embeddable":true,"href":"https:\/\/www.claus-von-stauffenberg-schule.de\/index.php?rest_route=%2Fwp%2Fv2%2Fcomments&post=13166"}],"version-history":[{"count":2,"href":"https:\/\/www.claus-von-stauffenberg-schule.de\/index.php?rest_route=\/wp\/v2\/posts\/13166\/revisions"}],"predecessor-version":[{"id":13172,"href":"https:\/\/www.claus-von-stauffenberg-schule.de\/index.php?rest_route=\/wp\/v2\/posts\/13166\/revisions\/13172"}],"wp:featuredmedia":[{"embeddable":true,"href":"https:\/\/www.claus-von-stauffenberg-schule.de\/index.php?rest_route=\/wp\/v2\/media\/13168"}],"wp:attachment":[{"href":"https:\/\/www.claus-von-stauffenberg-schule.de\/index.php?rest_route=%2Fwp%2Fv2%2Fmedia&parent=13166"}],"wp:term":[{"taxonomy":"category","embeddable":true,"href":"https:\/\/www.claus-von-stauffenberg-schule.de\/index.php?rest_route=%2Fwp%2Fv2%2Fcategories&post=13166"},{"taxonomy":"post_tag","embeddable":true,"href":"https:\/\/www.claus-von-stauffenberg-schule.de\/index.php?rest_route=%2Fwp%2Fv2%2Ftags&post=13166"},{"taxonomy":"author","embeddable":true,"href":"https:\/\/www.claus-von-stauffenberg-schule.de\/index.php?rest_route=%2Fwp%2Fv2%2Fppma_author&post=13166"}],"curies":[{"name":"wp","href":"https:\/\/api.w.org\/{rel}","templated":true}]}}