{"id":13795,"date":"2026-01-26T09:05:16","date_gmt":"2026-01-26T08:05:16","guid":{"rendered":"https:\/\/www.claus-von-stauffenberg-schule.de\/?p=13795"},"modified":"2026-01-26T09:05:18","modified_gmt":"2026-01-26T08:05:18","slug":"angehende-nachbarschaftshilfe","status":"publish","type":"post","link":"https:\/\/www.claus-von-stauffenberg-schule.de\/?p=13795","title":{"rendered":"Angehende Nachbarschaftshilfe"},"content":{"rendered":"\n<p>24 Sch\u00fclerinnen und Sch\u00fcler unserer Schule durften zusammen mit der Leitstelle \u00c4lterwerden des Kreises Offenbach und dem Verein Rodgau Erleben eine besondere Erfahrung machen: Was bedeutet es, \u00e4lter zu werden? Dazu nahmen die jungen Menschen am Kurs Nachbarschaftshilfe teil. Neben theoretischen Fragen wurden ganz praktische Einblicke in Alltagsfragen vermittelt. Unsere Schulsanit\u00e4ter AG vermittelte Grundlagen der ersten Hilfe, w\u00e4hrend die Leitstelle \u00c4lterwerden sich mit typischen Schwierigkeiten des \u00c4lterwerdens besch\u00e4ftigte. Ganz praktisch gab es dazu u.a. einen Demenzparcours im Altersanzug, um ein Gef\u00fchl k\u00f6rperliche Einschr\u00e4nkungen zu bekommen. <\/p>\n\n\n\n<figure class=\"wp-block-gallery has-nested-images columns-default is-cropped wp-block-gallery-1 is-layout-flex wp-block-gallery-is-layout-flex\">\n<figure class=\"wp-block-image size-large\"><a href=\"https:\/\/www.claus-von-stauffenberg-schule.de\/wp-content\/uploads\/2026\/01\/Emma-und-Felix-Demenzparcours-Querformat-scaled.jpg\"><img loading=\"lazy\" decoding=\"async\" width=\"1024\" height=\"684\" data-id=\"13797\" src=\"https:\/\/www.claus-von-stauffenberg-schule.de\/wp-content\/uploads\/2026\/01\/Emma-und-Felix-Demenzparcours-Querformat-1024x684.jpg\" alt=\"\" class=\"wp-image-13797\" srcset=\"https:\/\/www.claus-von-stauffenberg-schule.de\/wp-content\/uploads\/2026\/01\/Emma-und-Felix-Demenzparcours-Querformat-1024x684.jpg 1024w, https:\/\/www.claus-von-stauffenberg-schule.de\/wp-content\/uploads\/2026\/01\/Emma-und-Felix-Demenzparcours-Querformat-300x200.jpg 300w, https:\/\/www.claus-von-stauffenberg-schule.de\/wp-content\/uploads\/2026\/01\/Emma-und-Felix-Demenzparcours-Querformat-768x513.jpg 768w, https:\/\/www.claus-von-stauffenberg-schule.de\/wp-content\/uploads\/2026\/01\/Emma-und-Felix-Demenzparcours-Querformat-1536x1026.jpg 1536w, https:\/\/www.claus-von-stauffenberg-schule.de\/wp-content\/uploads\/2026\/01\/Emma-und-Felix-Demenzparcours-Querformat-2048x1368.jpg 2048w, https:\/\/www.claus-von-stauffenberg-schule.de\/wp-content\/uploads\/2026\/01\/Emma-und-Felix-Demenzparcours-Querformat-360x240.jpg 360w\" sizes=\"auto, (max-width: 1024px) 100vw, 1024px\" \/><\/a><\/figure>\n\n\n\n<figure class=\"wp-block-image size-large\"><a href=\"https:\/\/www.claus-von-stauffenberg-schule.de\/wp-content\/uploads\/2026\/01\/Demenzparcours-Quer-scaled.jpg\"><img loading=\"lazy\" decoding=\"async\" width=\"1024\" height=\"684\" data-id=\"13796\" src=\"https:\/\/www.claus-von-stauffenberg-schule.de\/wp-content\/uploads\/2026\/01\/Demenzparcours-Quer-1024x684.jpg\" alt=\"\" class=\"wp-image-13796\" srcset=\"https:\/\/www.claus-von-stauffenberg-schule.de\/wp-content\/uploads\/2026\/01\/Demenzparcours-Quer-1024x684.jpg 1024w, https:\/\/www.claus-von-stauffenberg-schule.de\/wp-content\/uploads\/2026\/01\/Demenzparcours-Quer-300x200.jpg 300w, https:\/\/www.claus-von-stauffenberg-schule.de\/wp-content\/uploads\/2026\/01\/Demenzparcours-Quer-768x513.jpg 768w, https:\/\/www.claus-von-stauffenberg-schule.de\/wp-content\/uploads\/2026\/01\/Demenzparcours-Quer-1536x1026.jpg 1536w, https:\/\/www.claus-von-stauffenberg-schule.de\/wp-content\/uploads\/2026\/01\/Demenzparcours-Quer-2048x1368.jpg 2048w, https:\/\/www.claus-von-stauffenberg-schule.de\/wp-content\/uploads\/2026\/01\/Demenzparcours-Quer-360x240.jpg 360w\" sizes=\"auto, (max-width: 1024px) 100vw, 1024px\" \/><\/a><\/figure>\n\n\n\n<figure class=\"wp-block-image size-large\"><a href=\"https:\/\/www.claus-von-stauffenberg-schule.de\/wp-content\/uploads\/2026\/01\/Gruppenfoto-Tisch-Quer-scaled.jpg\"><img loading=\"lazy\" decoding=\"async\" width=\"1024\" height=\"684\" data-id=\"13798\" src=\"https:\/\/www.claus-von-stauffenberg-schule.de\/wp-content\/uploads\/2026\/01\/Gruppenfoto-Tisch-Quer-1024x684.jpg\" alt=\"\" class=\"wp-image-13798\" srcset=\"https:\/\/www.claus-von-stauffenberg-schule.de\/wp-content\/uploads\/2026\/01\/Gruppenfoto-Tisch-Quer-1024x684.jpg 1024w, https:\/\/www.claus-von-stauffenberg-schule.de\/wp-content\/uploads\/2026\/01\/Gruppenfoto-Tisch-Quer-300x200.jpg 300w, https:\/\/www.claus-von-stauffenberg-schule.de\/wp-content\/uploads\/2026\/01\/Gruppenfoto-Tisch-Quer-768x513.jpg 768w, https:\/\/www.claus-von-stauffenberg-schule.de\/wp-content\/uploads\/2026\/01\/Gruppenfoto-Tisch-Quer-1536x1026.jpg 1536w, https:\/\/www.claus-von-stauffenberg-schule.de\/wp-content\/uploads\/2026\/01\/Gruppenfoto-Tisch-Quer-2048x1368.jpg 2048w, https:\/\/www.claus-von-stauffenberg-schule.de\/wp-content\/uploads\/2026\/01\/Gruppenfoto-Tisch-Quer-360x240.jpg 360w\" sizes=\"auto, (max-width: 1024px) 100vw, 1024px\" \/><\/a><\/figure>\n\n\n\n<figure class=\"wp-block-image size-large\"><a href=\"https:\/\/www.claus-von-stauffenberg-schule.de\/wp-content\/uploads\/2026\/01\/DSC07130-scaled.jpg\"><img loading=\"lazy\" decoding=\"async\" width=\"1024\" height=\"684\" data-id=\"13801\" src=\"https:\/\/www.claus-von-stauffenberg-schule.de\/wp-content\/uploads\/2026\/01\/DSC07130-1024x684.jpg\" alt=\"\" class=\"wp-image-13801\" srcset=\"https:\/\/www.claus-von-stauffenberg-schule.de\/wp-content\/uploads\/2026\/01\/DSC07130-1024x684.jpg 1024w, https:\/\/www.claus-von-stauffenberg-schule.de\/wp-content\/uploads\/2026\/01\/DSC07130-300x200.jpg 300w, https:\/\/www.claus-von-stauffenberg-schule.de\/wp-content\/uploads\/2026\/01\/DSC07130-768x513.jpg 768w, https:\/\/www.claus-von-stauffenberg-schule.de\/wp-content\/uploads\/2026\/01\/DSC07130-1536x1026.jpg 1536w, https:\/\/www.claus-von-stauffenberg-schule.de\/wp-content\/uploads\/2026\/01\/DSC07130-2048x1368.jpg 2048w, https:\/\/www.claus-von-stauffenberg-schule.de\/wp-content\/uploads\/2026\/01\/DSC07130-360x240.jpg 360w\" sizes=\"auto, (max-width: 1024px) 100vw, 1024px\" \/><\/a><\/figure>\n\n\n\n<figure class=\"wp-block-image size-large\"><a href=\"https:\/\/www.claus-von-stauffenberg-schule.de\/wp-content\/uploads\/2026\/01\/Gruppenfoto-Querformat-scaled.jpg\"><img loading=\"lazy\" decoding=\"async\" width=\"1024\" height=\"684\" data-id=\"13800\" src=\"https:\/\/www.claus-von-stauffenberg-schule.de\/wp-content\/uploads\/2026\/01\/Gruppenfoto-Querformat-1024x684.jpg\" alt=\"\" class=\"wp-image-13800\" srcset=\"https:\/\/www.claus-von-stauffenberg-schule.de\/wp-content\/uploads\/2026\/01\/Gruppenfoto-Querformat-1024x684.jpg 1024w, https:\/\/www.claus-von-stauffenberg-schule.de\/wp-content\/uploads\/2026\/01\/Gruppenfoto-Querformat-300x200.jpg 300w, https:\/\/www.claus-von-stauffenberg-schule.de\/wp-content\/uploads\/2026\/01\/Gruppenfoto-Querformat-768x513.jpg 768w, https:\/\/www.claus-von-stauffenberg-schule.de\/wp-content\/uploads\/2026\/01\/Gruppenfoto-Querformat-1536x1026.jpg 1536w, https:\/\/www.claus-von-stauffenberg-schule.de\/wp-content\/uploads\/2026\/01\/Gruppenfoto-Querformat-2048x1368.jpg 2048w, https:\/\/www.claus-von-stauffenberg-schule.de\/wp-content\/uploads\/2026\/01\/Gruppenfoto-Querformat-360x240.jpg 360w\" sizes=\"auto, (max-width: 1024px) 100vw, 1024px\" \/><\/a><\/figure>\n\n\n\n<figure class=\"wp-block-image size-large\"><a href=\"https:\/\/www.claus-von-stauffenberg-schule.de\/wp-content\/uploads\/2026\/01\/FFH-Interview-scaled.jpg\"><img loading=\"lazy\" decoding=\"async\" width=\"1024\" height=\"684\" data-id=\"13799\" src=\"https:\/\/www.claus-von-stauffenberg-schule.de\/wp-content\/uploads\/2026\/01\/FFH-Interview-1024x684.jpg\" alt=\"\" class=\"wp-image-13799\" srcset=\"https:\/\/www.claus-von-stauffenberg-schule.de\/wp-content\/uploads\/2026\/01\/FFH-Interview-1024x684.jpg 1024w, https:\/\/www.claus-von-stauffenberg-schule.de\/wp-content\/uploads\/2026\/01\/FFH-Interview-300x200.jpg 300w, https:\/\/www.claus-von-stauffenberg-schule.de\/wp-content\/uploads\/2026\/01\/FFH-Interview-768x513.jpg 768w, https:\/\/www.claus-von-stauffenberg-schule.de\/wp-content\/uploads\/2026\/01\/FFH-Interview-1536x1026.jpg 1536w, https:\/\/www.claus-von-stauffenberg-schule.de\/wp-content\/uploads\/2026\/01\/FFH-Interview-2048x1368.jpg 2048w, https:\/\/www.claus-von-stauffenberg-schule.de\/wp-content\/uploads\/2026\/01\/FFH-Interview-360x240.jpg 360w\" sizes=\"auto, (max-width: 1024px) 100vw, 1024px\" \/><\/a><\/figure>\n\n\n\n<figure class=\"wp-block-image size-large\"><a href=\"https:\/\/www.claus-von-stauffenberg-schule.de\/wp-content\/uploads\/2026\/01\/DSC07142-scaled.jpg\"><img loading=\"lazy\" decoding=\"async\" width=\"1024\" height=\"684\" data-id=\"13802\" src=\"https:\/\/www.claus-von-stauffenberg-schule.de\/wp-content\/uploads\/2026\/01\/DSC07142-1024x684.jpg\" alt=\"\" class=\"wp-image-13802\" srcset=\"https:\/\/www.claus-von-stauffenberg-schule.de\/wp-content\/uploads\/2026\/01\/DSC07142-1024x684.jpg 1024w, https:\/\/www.claus-von-stauffenberg-schule.de\/wp-content\/uploads\/2026\/01\/DSC07142-300x200.jpg 300w, https:\/\/www.claus-von-stauffenberg-schule.de\/wp-content\/uploads\/2026\/01\/DSC07142-768x513.jpg 768w, https:\/\/www.claus-von-stauffenberg-schule.de\/wp-content\/uploads\/2026\/01\/DSC07142-1536x1026.jpg 1536w, https:\/\/www.claus-von-stauffenberg-schule.de\/wp-content\/uploads\/2026\/01\/DSC07142-2048x1368.jpg 2048w, https:\/\/www.claus-von-stauffenberg-schule.de\/wp-content\/uploads\/2026\/01\/DSC07142-360x240.jpg 360w\" sizes=\"auto, (max-width: 1024px) 100vw, 1024px\" \/><\/a><\/figure>\n<\/figure>\n","protected":false},"excerpt":{"rendered":"<p>24 Sch\u00fclerinnen und Sch\u00fcler unserer Schule durften zusammen mit der Leitstelle \u00c4lterwerden des Kreises Offenbach und dem Verein Rodgau Erleben eine besondere Erfahrung machen: Was bedeutet es, \u00e4lter zu werden? Dazu nahmen die jungen Menschen am Kurs Nachbarschaftshilfe teil. Neben theoretischen Fragen wurden ganz praktische Einblicke in Alltagsfragen vermittelt. Unsere [&hellip;]<\/p>\n","protected":false},"author":1,"featured_media":13800,"comment_status":"closed","ping_status":"closed","sticky":false,"template":"","format":"standard","meta":{"ngg_post_thumbnail":0,"_themeisle_gutenberg_block_has_review":false,"footnotes":""},"categories":[1,520,281],"tags":[522,396],"ppma_author":[513],"class_list":["post-13795","post","type-post","status-publish","format-standard","has-post-thumbnail","hentry","category-allgemein","category-arbeitsgemeinschaften","category-events","tag-nachbarschaftshilfe","tag-schulsanitaetsdienst"],"authors":[{"term_id":513,"user_id":1,"is_guest":0,"slug":"admin","display_name":"Kai Springer","avatar_url":"https:\/\/secure.gravatar.com\/avatar\/9375e51d661fb9d64390a53e78b9cac508189aeb1cbe9800994d8e4773d075b5?s=96&d=mm&r=g","0":null,"1":"","2":"","3":"","4":"","5":"","6":"","7":"","8":""}],"_links":{"self":[{"href":"https:\/\/www.claus-von-stauffenberg-schule.de\/index.php?rest_route=\/wp\/v2\/posts\/13795","targetHints":{"allow":["GET"]}}],"collection":[{"href":"https:\/\/www.claus-von-stauffenberg-schule.de\/index.php?rest_route=\/wp\/v2\/posts"}],"about":[{"href":"https:\/\/www.claus-von-stauffenberg-schule.de\/index.php?rest_route=\/wp\/v2\/types\/post"}],"author":[{"embeddable":true,"href":"https:\/\/www.claus-von-stauffenberg-schule.de\/index.php?rest_route=\/wp\/v2\/users\/1"}],"replies":[{"embeddable":true,"href":"https:\/\/www.claus-von-stauffenberg-schule.de\/index.php?rest_route=%2Fwp%2Fv2%2Fcomments&post=13795"}],"version-history":[{"count":1,"href":"https:\/\/www.claus-von-stauffenberg-schule.de\/index.php?rest_route=\/wp\/v2\/posts\/13795\/revisions"}],"predecessor-version":[{"id":13803,"href":"https:\/\/www.claus-von-stauffenberg-schule.de\/index.php?rest_route=\/wp\/v2\/posts\/13795\/revisions\/13803"}],"wp:featuredmedia":[{"embeddable":true,"href":"https:\/\/www.claus-von-stauffenberg-schule.de\/index.php?rest_route=\/wp\/v2\/media\/13800"}],"wp:attachment":[{"href":"https:\/\/www.claus-von-stauffenberg-schule.de\/index.php?rest_route=%2Fwp%2Fv2%2Fmedia&parent=13795"}],"wp:term":[{"taxonomy":"category","embeddable":true,"href":"https:\/\/www.claus-von-stauffenberg-schule.de\/index.php?rest_route=%2Fwp%2Fv2%2Fcategories&post=13795"},{"taxonomy":"post_tag","embeddable":true,"href":"https:\/\/www.claus-von-stauffenberg-schule.de\/index.php?rest_route=%2Fwp%2Fv2%2Ftags&post=13795"},{"taxonomy":"author","embeddable":true,"href":"https:\/\/www.claus-von-stauffenberg-schule.de\/index.php?rest_route=%2Fwp%2Fv2%2Fppma_author&post=13795"}],"curies":[{"name":"wp","href":"https:\/\/api.w.org\/{rel}","templated":true}]}}